{"id":8858,"date":"2020-05-08T21:02:34","date_gmt":"2020-05-09T00:02:34","guid":{"rendered":"https:\/\/hostnetart.com.br\/baixada\/contraf-cut-reivindica-a-suspensao-da-abertura-das-agencias-da-caixa-aos-sabados\/"},"modified":"2020-05-08T21:02:34","modified_gmt":"2020-05-09T00:02:34","slug":"contraf-cut-reivindica-a-suspensao-da-abertura-das-agencias-da-caixa-aos-sabados","status":"publish","type":"post","link":"https:\/\/hostnetart.com.br\/baixada\/contraf-cut-reivindica-a-suspensao-da-abertura-das-agencias-da-caixa-aos-sabados\/","title":{"rendered":"Contraf-CUT reivindica a suspens\u00e3o da abertura das ag\u00eancias da Caixa aos s\u00e1bados"},"content":{"rendered":"<p>A Confedera\u00e7\u00e3o Nacional dos Trabalhadores do Ramo Financeiro (Contraf-CUT) e a Federa\u00e7\u00e3o Nacional das Associa\u00e7\u00f5es do Pessoal da Caixa Econ\u00f4mica Federal (Fenae) enviaram <a href=\"https:\/\/contrafcut.com.br\/wp-content\/uploads\/2020\/05\/of-06920-suspensao-dos-trabalho-aos-sabados.pdf?x15705\" target=\"_blank\" rel=\"noopener noreferrer\">of\u00edcio<\/a>, no final da noite desta quinta-feira (7), \u00e0 dire\u00e7\u00e3o da Caixa para requerer a suspens\u00e3o da abertura extraordin\u00e1ria e funcionamento das ag\u00eancias da Caixa aos s\u00e1bados.<\/p>\n<p>A reivindica\u00e7\u00e3o \u00e9 justificada pelas informa\u00e7\u00f5es divulgadas pelo pr\u00f3prio banco p\u00fablico, de que houve redu\u00e7\u00e3o de filas nas ag\u00eancias, o que refor\u00e7a que abertura aos s\u00e1bados n\u00e3o se faz mais necess\u00e1ria. \u201cA diminui\u00e7\u00e3o nas filas \u00e9 fruto do trabalho her\u00f3ico dos empregados\u201d, lembrou Fabiana Uehara Proscholdt, secret\u00e1ria da Cultura e representante da Contraf-CUT nas negocia\u00e7\u00f5es com a Caixa.<\/p>\n<p>Fabiana lembra que, ao estabelecer o trabalho aos s\u00e1bados, a Caixa provoca mais desgastes aos trabalhadores que j\u00e1 tiveram uma semana de jornada extenuante e excessiva e que gerou esgotamento f\u00edsico, mental e emocional para efetuar o pagamento para mais de 50 milh\u00f5es de brasileiros que aguardavam o aux\u00edlio emergencial. \u201creivindicamos a suspens\u00e3o do trabalho no s\u00e1bado para que os empregados possam gozar do final de semana e de seus familiares recompondo-se para a pr\u00f3xima semana de trabalho.\u201d<\/p>\n<p><strong>Fonte: Contraf-CUT<\/strong><\/p>\n","protected":false},"excerpt":{"rendered":"<p>A Confedera\u00e7\u00e3o Nacional dos Trabalhadores do Ramo Financeiro (Contraf-CUT) e a Federa\u00e7\u00e3o Nacional das Associa\u00e7\u00f5es do Pessoal da Caixa Econ\u00f4mica Federal (Fenae) enviaram of\u00edcio, no final da noite desta quinta-feira (7), \u00e0 dire\u00e7\u00e3o da Caixa para requerer a suspens\u00e3o da abertura extraordin\u00e1ria e funcionamento das ag\u00eancias da Caixa aos s\u00e1bados. A reivindica\u00e7\u00e3o \u00e9 justificada pelas [&hellip;]<\/p>\n","protected":false},"author":2,"featured_media":8857,"comment_status":"","ping_status":"","sticky":false,"template":"","format":"standard","meta":{"footnotes":""},"categories":[3],"tags":[],"class_list":["post-8858","post","type-post","status-publish","format-standard","has-post-thumbnail","hentry","category-noticias"],"_links":{"self":[{"href":"https:\/\/hostnetart.com.br\/baixada\/wp-json\/wp\/v2\/posts\/8858","targetHints":{"allow":["GET"]}}],"collection":[{"href":"https:\/\/hostnetart.com.br\/baixada\/wp-json\/wp\/v2\/posts"}],"about":[{"href":"https:\/\/hostnetart.com.br\/baixada\/wp-json\/wp\/v2\/types\/post"}],"author":[{"embeddable":true,"href":"https:\/\/hostnetart.com.br\/baixada\/wp-json\/wp\/v2\/users\/2"}],"replies":[{"embeddable":true,"href":"https:\/\/hostnetart.com.br\/baixada\/wp-json\/wp\/v2\/comments?post=8858"}],"version-history":[{"count":0,"href":"https:\/\/hostnetart.com.br\/baixada\/wp-json\/wp\/v2\/posts\/8858\/revisions"}],"wp:featuredmedia":[{"embeddable":true,"href":"https:\/\/hostnetart.com.br\/baixada\/wp-json\/wp\/v2\/media\/8857"}],"wp:attachment":[{"href":"https:\/\/hostnetart.com.br\/baixada\/wp-json\/wp\/v2\/media?parent=8858"}],"wp:term":[{"taxonomy":"category","embeddable":true,"href":"https:\/\/hostnetart.com.br\/baixada\/wp-json\/wp\/v2\/categories?post=8858"},{"taxonomy":"post_tag","embeddable":true,"href":"https:\/\/hostnetart.com.br\/baixada\/wp-json\/wp\/v2\/tags?post=8858"}],"curies":[{"name":"wp","href":"https:\/\/api.w.org\/{rel}","templated":true}]}}