{"id":8854,"date":"2020-05-08T03:30:34","date_gmt":"2020-05-08T06:30:34","guid":{"rendered":"https:\/\/hostnetart.com.br\/baixada\/contraf-cut-recebe-denuncias-de-assedio-moral-na-caixa\/"},"modified":"2020-05-08T03:30:34","modified_gmt":"2020-05-08T06:30:34","slug":"contraf-cut-recebe-denuncias-de-assedio-moral-na-caixa","status":"publish","type":"post","link":"https:\/\/hostnetart.com.br\/baixada\/contraf-cut-recebe-denuncias-de-assedio-moral-na-caixa\/","title":{"rendered":"Contraf-CUT recebe den\u00fancias de ass\u00e9dio moral na Caixa"},"content":{"rendered":"<div class=\"elementor-element elementor-element-194680ec elementor-widget elementor-widget-theme-post-content\" data-id=\"194680ec\" data-element_type=\"widget\" data-widget_type=\"theme-post-content.default\">\n<div class=\"elementor-widget-container\">\n<p>A Confedera\u00e7\u00e3o Nacional dos Trabalhadores do Ramo Financeiro (Contraf-CUT) recebeu den\u00fancias de que est\u00e3o havendo cobran\u00e7as descabidas aos empregados da Caixa Econ\u00f4mica Federal. \u201cNem em meio a mais grave crise mundial da hist\u00f3ria recente, a Caixa abandona uma das suas pr\u00e1ticas mais cru\u00e9is: o ass\u00e9dio moral\u201d, afirmou o coordenador da Comiss\u00e3o Executiva dos Empregados (CEE)da Caixa, Dion\u00edsio Reis.<\/p>\n<p>Para ele, a Caixa ultrapassou todos os limites. \u201cEsta pr\u00e1tica \u00e9 muito grave, ainda mais num momento como o que vivemos, no qual todas as pessoas est\u00e3o com o seu estado emocional abalado. Mesmo assim, os empregados n\u00e3o abandonam a linha de frente em prol do atendimento da popula\u00e7\u00e3o. Entretanto, alguns gestores os pressionam a trabalharem de forma desumana e exp\u00f5em suas sa\u00fades aos mais diversos riscos\u201d, ressaltou o coordenador da CEE\/Caixa.<\/p>\n<p>Gerentes gerais do banco p\u00fablico est\u00e3o sendo convocados a chegarem \u00e0s 7h nas ag\u00eancias de todo o pa\u00eds. A convoca\u00e7\u00e3o pede que os trabalhadores fa\u00e7am a triagem da fila e permitam a ocupa\u00e7\u00e3o de 50% dos assentos das ag\u00eancias por clientes. Al\u00e9m disso, os trabalhadores devem tirar fotos de hora em hora da unidade para mostrar que n\u00e3o existe fila nas portas e enviar para a Superintend\u00eancia Executiva de Varejo (SEV). \u201cAs den\u00fancias foram comprovadas, j\u00e1 que a cobran\u00e7a foi feita por liga\u00e7\u00f5es ou mensagens de aplicativo e foram gravadas. Ao inv\u00e9s de valorizar o esfor\u00e7o dos empregados, a Caixa os trata com desrespeito.\u201d<\/p>\n<h3>Melhores condi\u00e7\u00f5es de trabalho<\/h3>\n<p>As entidades que representam os banc\u00e1rios reivindicam, desde o in\u00edcio da pandemia, melhores condi\u00e7\u00f5es de trabalho para preservar a sa\u00fade e a vida dos empregados e da popula\u00e7\u00e3o que precisa da Caixa. Entre as cobran\u00e7as para aliviar as filas e aglomera\u00e7\u00f5es nas ag\u00eancias est\u00e3o a descentraliza\u00e7\u00e3o do pagamento do aux\u00edlio emergencial, uma campanha para informar a popula\u00e7\u00e3o corretamente sobre o benef\u00edcio e o atendimento telef\u00f4nico. \u201cInfelizmente nenhum desses pedidos foi atendido. A consequ\u00eancia \u00e9 o que estamos vendo em todas as cidades, essa aglomera\u00e7\u00e3o na porta da Caixa\u201d, disse o presidente da Federa\u00e7\u00e3o Nacional das Associa\u00e7\u00f5es do Pessoal da Caixa Econ\u00f4mica Federal (Fenae) e secret\u00e1rio de Finan\u00e7as da Contraf-CUT, S\u00e9rgio Takemoto.<\/p>\n<h3>Grupos de risco e rod\u00edzio<\/h3>\n<p>A Contraf-CUT e a CEE\/ Caixa tamb\u00e9m t\u00eam recebido den\u00fancias de convoca\u00e7\u00e3o de retorno ao trabalho de empregados dos grupos de risco. Por isso, orienta que os grupos de risco n\u00e3o podem voltar para as unidades. A Caixa garante tamb\u00e9m que o rod\u00edzio est\u00e1 mantido.<\/p>\n<h3>Denuncie<\/h3>\n<p>Os empregados que sofrerem ass\u00e9dio moral devem procurar o sindicato de suas bases para denunciar. \u00c9 importante tamb\u00e9m a coleta de provas dessas pr\u00e1ticas ilegais, como a grava\u00e7\u00e3o das liga\u00e7\u00f5es \u2013 ligando a filmadora enquanto atende \u2013 e das mensagens e o registro das jornadas de trabalho.<\/p>\n<p><strong>Fonte: Contraf-CUT<\/strong><\/p>\n<\/div>\n<\/div>\n","protected":false},"excerpt":{"rendered":"<p>A Confedera\u00e7\u00e3o Nacional dos Trabalhadores do Ramo Financeiro (Contraf-CUT) recebeu den\u00fancias de que est\u00e3o havendo cobran\u00e7as descabidas aos empregados da Caixa Econ\u00f4mica Federal. \u201cNem em meio a mais grave crise mundial da hist\u00f3ria recente, a Caixa abandona uma das suas pr\u00e1ticas mais cru\u00e9is: o ass\u00e9dio moral\u201d, afirmou o coordenador da Comiss\u00e3o Executiva dos Empregados (CEE)da [&hellip;]<\/p>\n","protected":false},"author":2,"featured_media":8853,"comment_status":"","ping_status":"","sticky":false,"template":"","format":"standard","meta":{"footnotes":""},"categories":[3],"tags":[],"class_list":["post-8854","post","type-post","status-publish","format-standard","has-post-thumbnail","hentry","category-noticias"],"_links":{"self":[{"href":"https:\/\/hostnetart.com.br\/baixada\/wp-json\/wp\/v2\/posts\/8854","targetHints":{"allow":["GET"]}}],"collection":[{"href":"https:\/\/hostnetart.com.br\/baixada\/wp-json\/wp\/v2\/posts"}],"about":[{"href":"https:\/\/hostnetart.com.br\/baixada\/wp-json\/wp\/v2\/types\/post"}],"author":[{"embeddable":true,"href":"https:\/\/hostnetart.com.br\/baixada\/wp-json\/wp\/v2\/users\/2"}],"replies":[{"embeddable":true,"href":"https:\/\/hostnetart.com.br\/baixada\/wp-json\/wp\/v2\/comments?post=8854"}],"version-history":[{"count":0,"href":"https:\/\/hostnetart.com.br\/baixada\/wp-json\/wp\/v2\/posts\/8854\/revisions"}],"wp:featuredmedia":[{"embeddable":true,"href":"https:\/\/hostnetart.com.br\/baixada\/wp-json\/wp\/v2\/media\/8853"}],"wp:attachment":[{"href":"https:\/\/hostnetart.com.br\/baixada\/wp-json\/wp\/v2\/media?parent=8854"}],"wp:term":[{"taxonomy":"category","embeddable":true,"href":"https:\/\/hostnetart.com.br\/baixada\/wp-json\/wp\/v2\/categories?post=8854"},{"taxonomy":"post_tag","embeddable":true,"href":"https:\/\/hostnetart.com.br\/baixada\/wp-json\/wp\/v2\/tags?post=8854"}],"curies":[{"name":"wp","href":"https:\/\/api.w.org\/{rel}","templated":true}]}}