{"id":8852,"date":"2020-05-08T03:29:29","date_gmt":"2020-05-08T06:29:29","guid":{"rendered":"https:\/\/hostnetart.com.br\/baixada\/santander-adota-medidas-que-podem-levar-ao-adoecimento\/"},"modified":"2020-05-08T03:29:29","modified_gmt":"2020-05-08T06:29:29","slug":"santander-adota-medidas-que-podem-levar-ao-adoecimento","status":"publish","type":"post","link":"https:\/\/hostnetart.com.br\/baixada\/santander-adota-medidas-que-podem-levar-ao-adoecimento\/","title":{"rendered":"Santander adota medidas que podem levar ao adoecimento"},"content":{"rendered":"<div class=\"elementor-element elementor-element-194680ec elementor-widget elementor-widget-theme-post-content\" data-id=\"194680ec\" data-element_type=\"widget\" data-widget_type=\"theme-post-content.default\">\n<div class=\"elementor-widget-container\">\n<p>A Comiss\u00e3o de Organiza\u00e7\u00e3o dos Empregados (COE) do banco Santander se reuniu por videoconfer\u00eancia nesta quinta-feira (7) para avaliar e definir a\u00e7\u00f5es de enfrentamento \u00e0s iniciativas do banco, que contrariam orienta\u00e7\u00f5es do Minist\u00e9rio da Sa\u00fade, governadores e prefeitos e colocam em risco a vida de seus funcion\u00e1rios, clientes e da sociedade como um todo.<\/p>\n<p>Segundo os representantes dos trabalhadores, o banco deixou de fazer a sanitiza\u00e7\u00e3o das unidades onde foram confirmados casos de covid-19 e se prepara para romper o isolamento social e retomar as atividades normais, em um momento em que as autoridades destacam a necessidade de paralisa\u00e7\u00e3o total das atividades em diversos locais do pa\u00eds.<\/p>\n<p>\u201cEstas quest\u00f5es ser\u00e3o debatidas no comit\u00ea de crise formado pelo Comando Nacional dos Banc\u00e1rios e pela Fenaban (Federa\u00e7\u00e3o Nacional dos Bancos)\u201d, disse a coordenadora COE do Santander, Maria Rosani.<\/p>\n<h3>Contrassenso<\/h3>\n<p>Para a COE, \u00e9 um contrassenso o banco espanhol adotar medidas que podem levar funcion\u00e1rios e clientes ao adoecimento e contribuir para o aumento dos casos em toda a sociedade logo depois de anunciar o <a href=\"https:\/\/contrafcut.com.br\/noticias\/lucro-do-santander-cresce-105-no-1o-trimestre-e-chega-aos-r-385-bilhoes\/\" target=\"_blank\" rel=\"noopener noreferrer\">lucro de R$ 3,85 bilh\u00f5es nos tr\u00eas primeiros meses do ano<\/a>, com crescimento de 10,5% em rela\u00e7\u00e3o ao mesmo per\u00edodo de 2019 e uma rentabilidade de 22,3%. <a href=\"https:\/\/contrafcut.com.br\/noticias\/lucro-do-santander-ultrapassa-os-r-145-bi-em-2019\/\" target=\"_blank\" rel=\"noopener noreferrer\">Em 2019<\/a>, o banco j\u00e1 havia apresentado lucro recorde de R$ 14,550 bilh\u00f5es, crescimento de 17,4%, em rela\u00e7\u00e3o ao ano anterior.<\/p>\n<p>Os dirigentes sindicais destacaram que, retomar as atividades normais e chamar os clientes para as ag\u00eancias banc\u00e1rias pode levar \u00e0 repeti\u00e7\u00e3o no Brasil de erros cometidos a Europa, que levaram ao <a href=\"https:\/\/noticias.uol.com.br\/ultimas-noticias\/rfi\/2020\/04\/02\/espanha-esta-a-beira-do-colapso-sanitario-com-a-covid-19.htm\" target=\"_blank\" rel=\"noopener noreferrer\">colapso do sistema de sa\u00fade<\/a> em diversos pa\u00edses do continente.<\/p>\n<p>Representantes sindicais de diversas regi\u00f5es do pa\u00eds disseram que diretores de rede de todo o pa\u00eds distribu\u00edram v\u00eddeos, com texto enviado pelo banco, dizendo que praticamente 100% das ag\u00eancias est\u00e3o abertas e orientando que os funcion\u00e1rios distribu\u00edssem os v\u00eddeos aos clientes.<\/p>\n<h3>Procedimentos de sanitiza\u00e7\u00e3o<\/h3>\n<p>Os procedimentos a serem realizados nas ag\u00eancias e em outros locais de trabalho onde houve casos confirmados de covid-19, para garantir a seguran\u00e7a e a sa\u00fade dos funcion\u00e1rios, clientes e da popula\u00e7\u00e3o \u00e9 fechar a ag\u00eancia, realizar a sanitiza\u00e7\u00e3o e afastar todos os funcion\u00e1rios que tiveram contato com a pessoa que foi contagiada para observar se mais algu\u00e9m foi contagiado e, desta maneira, evitar que estas pessoas contagiem outras.<\/p>\n<p>Para os representantes dos empregados do Santander, flexibilizar as medidas de seguran\u00e7a em um momento que se discute a <a href=\"https:\/\/www.istoedinheiro.com.br\/bruno-covas-estudamos-nao-so-lockdown-como-outras-medidas-em-sao-paulo\/\" target=\"_blank\" rel=\"noopener noreferrer\">implanta\u00e7\u00e3o do lockdonw<\/a> em diversos pontos do pa\u00eds \u00e9 uma grande irresponsabilidade. Mostra que o banco est\u00e1 preocupado com o lucro do que com a vida de seus funcion\u00e1rios e clientes.<\/p>\n<h3>F\u00faria espanhola<\/h3>\n<p>Os dirigentes sindicais disseram, ainda que, tanto as medidas adotadas pelo Santander, quanto os v\u00eddeos dos diretores de rede, seguem a linha ditada pelo presidente do Santander no pa\u00eds, S\u00e9rgio Rial.<\/p>\n<p>Segundo os relatos, em videoconfer\u00eancia com funcion\u00e1rios, Rial cobrou o cumprimento de metas e amea\u00e7ou demiss\u00f5es caso as mesmas n\u00e3o sejam cumpridas, dizendo, inclusive, que aqueles que pensam diferente e n\u00e3o colaboram prestam um desservi\u00e7o ao banco e contribuem para um baixo n\u00edvel de produtividade.<\/p>\n<p>Na mesa de negocia\u00e7\u00f5es entre o Comando Nacional dos Banc\u00e1rios a Fenaban, os bancos haviam se comprometido a <a href=\"https:\/\/contrafcut.com.br\/noticias\/coronavirus-comando-nacional-dos-bancarios-cobra-da-fenaban-que-bancarios-so-atendam-servicos-essenciais\/\" target=\"_blank\" rel=\"noopener noreferrer\">amenizar as cobran\u00e7as de metas<\/a> durante o per\u00edodo da pandemia causada pelo novo coronav\u00edrus.<\/p>\n<p>Rial teria afirmado, tamb\u00e9m, que o banco vai se aproveitar da experi\u00eancia de home office e do aumento da digitaliza\u00e7\u00e3o banc\u00e1ria ocorridos durante a pandemia para manter esse tipo de atua\u00e7\u00e3o e servi\u00e7o depois que a crise passar.<\/p>\n<p><strong>Fonte: Contraf-CUT<\/strong><\/p>\n<\/div>\n<\/div>\n","protected":false},"excerpt":{"rendered":"<p>A Comiss\u00e3o de Organiza\u00e7\u00e3o dos Empregados (COE) do banco Santander se reuniu por videoconfer\u00eancia nesta quinta-feira (7) para avaliar e definir a\u00e7\u00f5es de enfrentamento \u00e0s iniciativas do banco, que contrariam orienta\u00e7\u00f5es do Minist\u00e9rio da Sa\u00fade, governadores e prefeitos e colocam em risco a vida de seus funcion\u00e1rios, clientes e da sociedade como um todo. Segundo [&hellip;]<\/p>\n","protected":false},"author":2,"featured_media":8851,"comment_status":"","ping_status":"","sticky":false,"template":"","format":"standard","meta":{"footnotes":""},"categories":[3],"tags":[],"class_list":["post-8852","post","type-post","status-publish","format-standard","has-post-thumbnail","hentry","category-noticias"],"_links":{"self":[{"href":"https:\/\/hostnetart.com.br\/baixada\/wp-json\/wp\/v2\/posts\/8852","targetHints":{"allow":["GET"]}}],"collection":[{"href":"https:\/\/hostnetart.com.br\/baixada\/wp-json\/wp\/v2\/posts"}],"about":[{"href":"https:\/\/hostnetart.com.br\/baixada\/wp-json\/wp\/v2\/types\/post"}],"author":[{"embeddable":true,"href":"https:\/\/hostnetart.com.br\/baixada\/wp-json\/wp\/v2\/users\/2"}],"replies":[{"embeddable":true,"href":"https:\/\/hostnetart.com.br\/baixada\/wp-json\/wp\/v2\/comments?post=8852"}],"version-history":[{"count":0,"href":"https:\/\/hostnetart.com.br\/baixada\/wp-json\/wp\/v2\/posts\/8852\/revisions"}],"wp:featuredmedia":[{"embeddable":true,"href":"https:\/\/hostnetart.com.br\/baixada\/wp-json\/wp\/v2\/media\/8851"}],"wp:attachment":[{"href":"https:\/\/hostnetart.com.br\/baixada\/wp-json\/wp\/v2\/media?parent=8852"}],"wp:term":[{"taxonomy":"category","embeddable":true,"href":"https:\/\/hostnetart.com.br\/baixada\/wp-json\/wp\/v2\/categories?post=8852"},{"taxonomy":"post_tag","embeddable":true,"href":"https:\/\/hostnetart.com.br\/baixada\/wp-json\/wp\/v2\/tags?post=8852"}],"curies":[{"name":"wp","href":"https:\/\/api.w.org\/{rel}","templated":true}]}}