{"id":8850,"date":"2020-05-08T03:28:15","date_gmt":"2020-05-08T06:28:15","guid":{"rendered":"https:\/\/hostnetart.com.br\/baixada\/eleicoes-da-previ-fiqueemcasa-seja-solidario-sua-saude-e-o-mais-importante\/"},"modified":"2020-05-08T03:28:15","modified_gmt":"2020-05-08T06:28:15","slug":"eleicoes-da-previ-fiqueemcasa-seja-solidario-sua-saude-e-o-mais-importante","status":"publish","type":"post","link":"https:\/\/hostnetart.com.br\/baixada\/eleicoes-da-previ-fiqueemcasa-seja-solidario-sua-saude-e-o-mais-importante\/","title":{"rendered":"Elei\u00e7\u00f5es da Previ: #FiqueEmCasa! Seja Solid\u00e1rio. Sua sa\u00fade \u00e9 o mais importante"},"content":{"rendered":"<p>A <strong>Chapa 1 \u2013 Previ para o associado<\/strong>, que \u00e9 apoiada pela Confedera\u00e7\u00e3o Nacional dos Trabalhadores do Ramo Financeiro (Contraf-CUT), pelos sindicatos e federa\u00e7\u00f5es e por associa\u00e7\u00f5es de funcion\u00e1rios, lembra que a vota\u00e7\u00e3o para a escolha de membros eleitos do Conselho Deliberativo, do Conselho Fiscal, da Diretoria de Seguridade; do Conselho Consultivo do Plano 1; e Conselho Consultivo do Previ Futuro foi <a href=\"http:\/\/www.previ.com.br\/menu-auxiliar\/noticias-e-publicacoes\/noticias\/detalhes-da-noticia\/eleicoes-previ-2020-tem-cronograma-adiado-2.htm\" target=\"_blank\" rel=\"noopener noreferrer\">adiada<\/a> em decorr\u00eancia da pandemia causada pelo novo coronav\u00edrus.<\/p>\n<p>A <strong>Chapa 1 \u2013 Previ para o associado<\/strong> acredita que o mais importante neste momento \u00e9 resguardar a sa\u00fade e a vida dos associados, tanto da ativa quanto aposentados. Agindo desta forma, resguardamos a vida e, assim, contribu\u00edmos para a manuten\u00e7\u00e3o da solidez da Previ. Agora e para o futuro.<\/p>\n<p>O funcionalismo do BB sabe o que \u00e9 agir com seguran\u00e7a. Faz mais de cem anos que eles come\u00e7aram a construir sua aposentadoria, garantida gra\u00e7as ao modelo de gest\u00e3o que impede o banco de mandar sozinho na Previ. E sabe que assim deve continuar.<\/p>\n<p>Seja solid\u00e1rio. #FiqueEmCasa! E ajude a manter sua sa\u00fade e de outras pessoas.<\/p>\n<p><span style=\"text-decoration: underline;\"><strong><em>Fonte: Contraf-CUT<\/em><\/strong><\/span><\/p>\n","protected":false},"excerpt":{"rendered":"<p>A Chapa 1 \u2013 Previ para o associado, que \u00e9 apoiada pela Confedera\u00e7\u00e3o Nacional dos Trabalhadores do Ramo Financeiro (Contraf-CUT), pelos sindicatos e federa\u00e7\u00f5es e por associa\u00e7\u00f5es de funcion\u00e1rios, lembra que a vota\u00e7\u00e3o para a escolha de membros eleitos do Conselho Deliberativo, do Conselho Fiscal, da Diretoria de Seguridade; do Conselho Consultivo do Plano 1; [&hellip;]<\/p>\n","protected":false},"author":2,"featured_media":8849,"comment_status":"","ping_status":"","sticky":false,"template":"","format":"standard","meta":{"footnotes":""},"categories":[3],"tags":[],"class_list":["post-8850","post","type-post","status-publish","format-standard","has-post-thumbnail","hentry","category-noticias"],"_links":{"self":[{"href":"https:\/\/hostnetart.com.br\/baixada\/wp-json\/wp\/v2\/posts\/8850","targetHints":{"allow":["GET"]}}],"collection":[{"href":"https:\/\/hostnetart.com.br\/baixada\/wp-json\/wp\/v2\/posts"}],"about":[{"href":"https:\/\/hostnetart.com.br\/baixada\/wp-json\/wp\/v2\/types\/post"}],"author":[{"embeddable":true,"href":"https:\/\/hostnetart.com.br\/baixada\/wp-json\/wp\/v2\/users\/2"}],"replies":[{"embeddable":true,"href":"https:\/\/hostnetart.com.br\/baixada\/wp-json\/wp\/v2\/comments?post=8850"}],"version-history":[{"count":0,"href":"https:\/\/hostnetart.com.br\/baixada\/wp-json\/wp\/v2\/posts\/8850\/revisions"}],"wp:featuredmedia":[{"embeddable":true,"href":"https:\/\/hostnetart.com.br\/baixada\/wp-json\/wp\/v2\/media\/8849"}],"wp:attachment":[{"href":"https:\/\/hostnetart.com.br\/baixada\/wp-json\/wp\/v2\/media?parent=8850"}],"wp:term":[{"taxonomy":"category","embeddable":true,"href":"https:\/\/hostnetart.com.br\/baixada\/wp-json\/wp\/v2\/categories?post=8850"},{"taxonomy":"post_tag","embeddable":true,"href":"https:\/\/hostnetart.com.br\/baixada\/wp-json\/wp\/v2\/tags?post=8850"}],"curies":[{"name":"wp","href":"https:\/\/api.w.org\/{rel}","templated":true}]}}