{"id":8846,"date":"2020-05-07T16:44:26","date_gmt":"2020-05-07T19:44:26","guid":{"rendered":"https:\/\/hostnetart.com.br\/baixada\/assembleia-virtual-banco-itau\/"},"modified":"2020-05-07T16:44:26","modified_gmt":"2020-05-07T19:44:26","slug":"assembleia-virtual-banco-itau","status":"publish","type":"post","link":"https:\/\/hostnetart.com.br\/baixada\/assembleia-virtual-banco-itau\/","title":{"rendered":"ASSEMBLEIA VIRTUAL &#8211; Banco Ita\u00fa"},"content":{"rendered":"<p>O Sindicato dos Banc\u00e1rios da Baixada Fluminense realizar\u00e1 uma assembleia virtual do Banco Ita\u00fa. Poder\u00e3o participar as banc\u00e1rias e banc\u00e1rios do banco, munidos de matr\u00edcula funcional, CPF e data de nascimento.<\/p>\n<p>A assembleia em quest\u00e3o, visa deliberar sobre o prazo para compensa\u00e7\u00e3o do banco de horas dos funcion\u00e1rios que est\u00e3o afastados do local de trabalho sem realizar o home office, incluindo aqueles que fazem parte dos grupos de risco, e dos que est\u00e3o em esquema de rod\u00edzio. A compensa\u00e7\u00e3o ser\u00e1 feita em 12 meses, a partir de janeiro de 2021.<\/p>\n<p>A vota\u00e7\u00e3o ser\u00e1 nos dias 11 e 12 de maio (11\/05 e 12\/05) das 8 horas \u00e0s 18 horas pelo link: <a href=\"https:\/\/bancarios.votabem.com.br\/\" target=\"_blank\" rel=\"noopener noreferrer\" data-saferedirecturl=\"https:\/\/www.google.com\/url?q=https:\/\/bancarios.votabem.com.br\/&amp;source=gmail&amp;ust=1588955481906000&amp;usg=AFQjCNHpkf495W4yEDMAbqwg1xNqzOHfzQ\">https:\/\/bancarios.votabem.com.<wbr \/>br\/<\/a><\/p>\n<p>Este link estar\u00e1 dispon\u00edvel em nosso site durante os dias de vota\u00e7\u00e3o.<\/p>\n<p>\u00a0<\/p>\n<p><strong>ENTENDA O CASO<\/strong><\/p>\n<p>O Banco Ita\u00fa atendeu a reivindica\u00e7\u00e3o do Comando Nacional dos Banc\u00e1rios e da Comiss\u00e3o de Organiza\u00e7\u00e3o dos Empregados (COE) sobre o prazo para compensa\u00e7\u00e3o do banco de horas dos funcion\u00e1rios que est\u00e3o afastados do local de trabalho sem realizar o home office, incluindo aqueles que fazem parte dos grupos de risco, e dos que est\u00e3o em esquema de rod\u00edzio. A compensa\u00e7\u00e3o ser\u00e1 feita em 12 meses, a partir de janeiro de 2021.<\/p>\n<p>\u201cEste era o \u00fanico ponto que tinha ficado pendente na <a href=\"https:\/\/contrafcut.com.br\/noticias\/comando-nacional-e-coe-negociam-regras-das-ferias-e-do-banco-de-horas-no-itau\/\" target=\"_blank\" rel=\"noopener noreferrer\">reuni\u00e3o anterior<\/a> para que fosse poss\u00edvel a realiza\u00e7\u00e3o do acordo. Mas, a decis\u00e3o cabe aos funcion\u00e1rios. Os sindicatos realizar\u00e3o assembleias, com vota\u00e7\u00e3o por um sistema eletr\u00f4nico, para garantir a seguran\u00e7a e a sa\u00fade de todos\u201d, explicou o coordenador da Comiss\u00e3o de Organiza\u00e7\u00e3o dos Empregados (COE), do Ita\u00fa, Jair Alves, que \u00e9 dirigente da Confedera\u00e7\u00e3o Nacional dos Trabalhadores do Ramo Financeiro (Contraf-CUT).<\/p>\n<p>Na <a href=\"https:\/\/contrafcut.com.br\/noticias\/comando-e-coe-debatem-sobre-ferias-e-banco-de-horas-com-o-itau\/\" target=\"_blank\" rel=\"noopener noreferrer\">primeira reuni\u00e3o<\/a> de negocia\u00e7\u00e3o sobre o tema, o Ita\u00fa informou que existem atualmente 45 mil funcion\u00e1rios trabalhando em casa (home office) e 7 mil est\u00e3o afastados sem atividade de home office. Isso representa 64% dos 81.691 empregados da <em>holding<\/em>, segundo dados do balan\u00e7o social do banco de 2019. Al\u00e9m desses, outros 20 mil trabalham em esquema de rod\u00edzio.<\/p>\n<h3>Banco de horas<\/h3>\n<p>O dirigente da Contraf-CUT explicou que todos os dias de mar\u00e7o e abril ser\u00e3o abonados. \u201cSomente os dias parados a partir de maio entrar\u00e3o na contagem das horas. Com isso, cerca de um m\u00eas e meio n\u00e3o entra na contagem de horas, Al\u00e9m disso, o banco tamb\u00e9m aceitou conceder um desconto de 10% sobre o total de horas a serem compensadas. Se o trabalhador tiver 1.000 horas a compensar, ter\u00e1 que compensar apenas 900\u201d, informou.<\/p>\n<p>Em caso de demiss\u00e3o sem justa causa, as horas n\u00e3o compensadas n\u00e3o ser\u00e3o descontadas do valor que o trabalhador tiver a receber.<\/p>\n<p>Outra conquista, \u00e9 que as horas trabalhadas aos s\u00e1bados, domingos, feriados e horas noturna ser\u00e3o contadas como horas extras.<\/p>\n<p>A pedido do movimento sindical, os funcion\u00e1rios de seis horas poder\u00e3o ter 30 minutos de intervalo e n\u00e3o apenas 15. Al\u00e9m da possibilidade de caixas e gerentes atuarem na Central de Atendimento por 6 horas. Nesses casos, quem \u00e9 de 8 horas trabalha s\u00f3 seis e n\u00e3o fica com horas em d\u00e9bito. O banco fornecer\u00e1 treinamento e equipamento para o trabalho em home office.<\/p>\n<h3>Tamb\u00e9m entra no acordo<\/h3>\n<p>Os representantes dos trabalhadores tamb\u00e9m conseguiram que o banco registre no acordo todos os compromissos assumidos pelo banco nas mesas de negocia\u00e7\u00f5es, tanto na espec\u00edfica quanto na mesa da Federa\u00e7\u00e3o Nacional dos Bancos (Fenaban), como a n\u00e3o demiss\u00e3o durante todo o per\u00edodo que perdurar a pandemia causada pelo novo coronav\u00edrus.<\/p>\n<p>\u00a0<img fetchpriority=\"high\" decoding=\"async\" class=\" size-full wp-image-8845\" style=\"display: block; margin-left: auto; margin-right: auto;\" src=\"https:\/\/hostnetart.com.br\/baixada\/wp-content\/uploads\/2020\/05\/WhatsApp_Image_20200507_at_153627.jpeg\" width=\"441\" height=\"481\" srcset=\"https:\/\/hostnetart.com.br\/baixada\/wp-content\/uploads\/2020\/05\/WhatsApp_Image_20200507_at_153627.jpeg 1172w, https:\/\/hostnetart.com.br\/baixada\/wp-content\/uploads\/2020\/05\/WhatsApp_Image_20200507_at_153627-549x600.jpeg 549w, https:\/\/hostnetart.com.br\/baixada\/wp-content\/uploads\/2020\/05\/WhatsApp_Image_20200507_at_153627-938x1024.jpeg 938w, https:\/\/hostnetart.com.br\/baixada\/wp-content\/uploads\/2020\/05\/WhatsApp_Image_20200507_at_153627-768x839.jpeg 768w\" sizes=\"(max-width: 441px) 100vw, 441px\" \/><\/p>\n<p>\u00a0<\/p>\n<p>\u00a0<\/p>\n<p>\u00a0<\/p>\n<p>\u00a0<\/p>\n","protected":false},"excerpt":{"rendered":"<p>O Sindicato dos Banc\u00e1rios da Baixada Fluminense realizar\u00e1 uma assembleia virtual do Banco Ita\u00fa. Poder\u00e3o participar as banc\u00e1rias e banc\u00e1rios do banco, munidos de matr\u00edcula funcional, CPF e data de nascimento. A assembleia em quest\u00e3o, visa deliberar sobre o prazo para compensa\u00e7\u00e3o do banco de horas dos funcion\u00e1rios que est\u00e3o afastados do local de trabalho [&hellip;]<\/p>\n","protected":false},"author":2,"featured_media":8844,"comment_status":"","ping_status":"","sticky":false,"template":"","format":"standard","meta":{"footnotes":""},"categories":[8],"tags":[],"class_list":["post-8846","post","type-post","status-publish","format-standard","has-post-thumbnail","hentry","category-bancarios"],"_links":{"self":[{"href":"https:\/\/hostnetart.com.br\/baixada\/wp-json\/wp\/v2\/posts\/8846","targetHints":{"allow":["GET"]}}],"collection":[{"href":"https:\/\/hostnetart.com.br\/baixada\/wp-json\/wp\/v2\/posts"}],"about":[{"href":"https:\/\/hostnetart.com.br\/baixada\/wp-json\/wp\/v2\/types\/post"}],"author":[{"embeddable":true,"href":"https:\/\/hostnetart.com.br\/baixada\/wp-json\/wp\/v2\/users\/2"}],"replies":[{"embeddable":true,"href":"https:\/\/hostnetart.com.br\/baixada\/wp-json\/wp\/v2\/comments?post=8846"}],"version-history":[{"count":0,"href":"https:\/\/hostnetart.com.br\/baixada\/wp-json\/wp\/v2\/posts\/8846\/revisions"}],"wp:featuredmedia":[{"embeddable":true,"href":"https:\/\/hostnetart.com.br\/baixada\/wp-json\/wp\/v2\/media\/8844"}],"wp:attachment":[{"href":"https:\/\/hostnetart.com.br\/baixada\/wp-json\/wp\/v2\/media?parent=8846"}],"wp:term":[{"taxonomy":"category","embeddable":true,"href":"https:\/\/hostnetart.com.br\/baixada\/wp-json\/wp\/v2\/categories?post=8846"},{"taxonomy":"post_tag","embeddable":true,"href":"https:\/\/hostnetart.com.br\/baixada\/wp-json\/wp\/v2\/tags?post=8846"}],"curies":[{"name":"wp","href":"https:\/\/api.w.org\/{rel}","templated":true}]}}