{"id":8843,"date":"2020-05-06T14:27:14","date_gmt":"2020-05-06T17:27:14","guid":{"rendered":"https:\/\/hostnetart.com.br\/baixada\/numero-de-acordos-com-base-na-mp-936-cresce-mas-sindicatos-melhoram-o-conteudo-diz-dieese\/"},"modified":"2020-05-06T14:27:14","modified_gmt":"2020-05-06T17:27:14","slug":"numero-de-acordos-com-base-na-mp-936-cresce-mas-sindicatos-melhoram-o-conteudo-diz-dieese","status":"publish","type":"post","link":"https:\/\/hostnetart.com.br\/baixada\/numero-de-acordos-com-base-na-mp-936-cresce-mas-sindicatos-melhoram-o-conteudo-diz-dieese\/","title":{"rendered":"N\u00famero de acordos com base na MP 936 cresce, mas sindicatos melhoram o conte\u00fado, diz Dieese"},"content":{"rendered":"<p>Levantamento feito pelo Dieese aponta n\u00famero crescente de negocia\u00e7\u00f5es com base na Medida Provis\u00f3ria (MP) 936, mas em muitos casos as entidades sindicais t\u00eam conseguido condi\u00e7\u00f5es melhores. Isso inclui, por exemplo, manuten\u00e7\u00e3o da renda l\u00edquida mensal dos trabalhadores, preserva\u00e7\u00e3o de benef\u00edcios e garantia de manuten\u00e7\u00e3o da negocia\u00e7\u00e3o coletiva.<\/p>\n<p>At\u00e9 agora, as negocia\u00e7\u00f5es acompanhadas pelo Dieese abrangem em torno de 4,41 milh\u00f5es de trabalhadores. Grande parte deles, ou 68,8%, se concentra na regi\u00e3o Sudeste. Entre as v\u00e1rias medidas implementadas, est\u00e3o normas de preven\u00e7\u00e3o e higiene, afastamento de funcion\u00e1rios de grupos de risco, concess\u00e3o de f\u00e9rias coletivas, redu\u00e7\u00e3o de jornada com pagamento de forma escalonada e \u201creposi\u00e7\u00e3o total do sal\u00e1rio l\u00edquido mensal e\/ou garantia do pagamento de piso m\u00ednimo\u201d, garantia de estabilidade, preserva\u00e7\u00e3o de benef\u00edcios, antecipa\u00e7\u00e3o do 13\u00ba e garantia da presen\u00e7a sindical no processo.<\/p>\n<p>Editada em 1\u00ba de abril, a MP 936 criou o Programa Emergencial de Manuten\u00e7\u00e3o do Emprego e Renda. Trata de medidas que podem ser adotadas durante o per\u00edodo de estado de calamidade p\u00fablica, decretado em 20 de mar\u00e7o. Permite \u2013 via acordos individuais \u2013 suspens\u00e3o dos contratos de trabalho, com redu\u00e7\u00e3o proporcional de jornada e sal\u00e1rios, prevendo pagamento de benef\u00edcio emergencial.<\/p>\n<h3>Emergencial<\/h3>\n<p>Em 17 de abril, o\u00a0<a href=\"https:\/\/www.redebrasilatual.com.br\/politica\/2020\/04\/stf-derruba-liminar-e-valida-medida-provisoria-de-suspensao-dos-contratos-de-trabalho\/\" target=\"_blank\" rel=\"noopener noreferrer\">Supremo Tribunal Federal (STF) considerou a MP constitucional<\/a>, rejeitando liminar requerida em a\u00e7\u00e3o direeta de inconstitucionalidade. Os ministros ressaltaram o car\u00e1ter emergencial das medidas.<\/p>\n<p>O Dieese cita justamente a permiss\u00e3o de acordos individuais, questionada na a\u00e7\u00e3o, como um dos aspectos mais prejudiciais da medida provis\u00f3ria. O instituto lembra que o artigo 7\u00ba da Constitui\u00e7\u00e3o veda redu\u00e7\u00e3o salarial, a n\u00e3o ser que estabelecida por meio de conven\u00e7\u00e3o ou acordo coletivo.<\/p>\n<p>O levantamento traz dados por unidade da federa\u00e7\u00e3o e categoria profissional. Confira\u00a0<a href=\"https:\/\/www.dieese.org.br\/estudosepesquisas\/2020\/estPesq92AcordosCovidAtualizacao.pdf\" target=\"_blank\" rel=\"noopener noreferrer\">aqui<\/a>\u00a0a \u00edntegra e ou\u00e7a abaixo an\u00e1lise na\u00a0<strong>R\u00e1dio Brasil Atual<\/strong>\u00a0do diretor t\u00e9cnico do Dieese, Fausto Augusto Jr.<\/p>\n<p><strong>Fonte: Rede Brasil Atual<\/strong><\/p>\n","protected":false},"excerpt":{"rendered":"<p>Levantamento feito pelo Dieese aponta n\u00famero crescente de negocia\u00e7\u00f5es com base na Medida Provis\u00f3ria (MP) 936, mas em muitos casos as entidades sindicais t\u00eam conseguido condi\u00e7\u00f5es melhores. Isso inclui, por exemplo, manuten\u00e7\u00e3o da renda l\u00edquida mensal dos trabalhadores, preserva\u00e7\u00e3o de benef\u00edcios e garantia de manuten\u00e7\u00e3o da negocia\u00e7\u00e3o coletiva. At\u00e9 agora, as negocia\u00e7\u00f5es acompanhadas pelo Dieese [&hellip;]<\/p>\n","protected":false},"author":2,"featured_media":8842,"comment_status":"","ping_status":"","sticky":false,"template":"","format":"standard","meta":{"footnotes":""},"categories":[3],"tags":[],"class_list":["post-8843","post","type-post","status-publish","format-standard","has-post-thumbnail","hentry","category-noticias"],"_links":{"self":[{"href":"https:\/\/hostnetart.com.br\/baixada\/wp-json\/wp\/v2\/posts\/8843","targetHints":{"allow":["GET"]}}],"collection":[{"href":"https:\/\/hostnetart.com.br\/baixada\/wp-json\/wp\/v2\/posts"}],"about":[{"href":"https:\/\/hostnetart.com.br\/baixada\/wp-json\/wp\/v2\/types\/post"}],"author":[{"embeddable":true,"href":"https:\/\/hostnetart.com.br\/baixada\/wp-json\/wp\/v2\/users\/2"}],"replies":[{"embeddable":true,"href":"https:\/\/hostnetart.com.br\/baixada\/wp-json\/wp\/v2\/comments?post=8843"}],"version-history":[{"count":0,"href":"https:\/\/hostnetart.com.br\/baixada\/wp-json\/wp\/v2\/posts\/8843\/revisions"}],"wp:featuredmedia":[{"embeddable":true,"href":"https:\/\/hostnetart.com.br\/baixada\/wp-json\/wp\/v2\/media\/8842"}],"wp:attachment":[{"href":"https:\/\/hostnetart.com.br\/baixada\/wp-json\/wp\/v2\/media?parent=8843"}],"wp:term":[{"taxonomy":"category","embeddable":true,"href":"https:\/\/hostnetart.com.br\/baixada\/wp-json\/wp\/v2\/categories?post=8843"},{"taxonomy":"post_tag","embeddable":true,"href":"https:\/\/hostnetart.com.br\/baixada\/wp-json\/wp\/v2\/tags?post=8843"}],"curies":[{"name":"wp","href":"https:\/\/api.w.org\/{rel}","templated":true}]}}