{"id":8841,"date":"2020-05-06T14:25:17","date_gmt":"2020-05-06T17:25:17","guid":{"rendered":"https:\/\/hostnetart.com.br\/baixada\/contraf-cut-fara-live-no-facebook-sobre-acordos-com-itau-santander-e-bv-financeira\/"},"modified":"2020-05-06T14:25:17","modified_gmt":"2020-05-06T17:25:17","slug":"contraf-cut-fara-live-no-facebook-sobre-acordos-com-itau-santander-e-bv-financeira","status":"publish","type":"post","link":"https:\/\/hostnetart.com.br\/baixada\/contraf-cut-fara-live-no-facebook-sobre-acordos-com-itau-santander-e-bv-financeira\/","title":{"rendered":"Contraf-CUT far\u00e1 live no Facebook sobre acordos com Ita\u00fa, Santander e BV financeira"},"content":{"rendered":"<p>A Confedera\u00e7\u00e3o Nacional dos Trabalhadores do Ramo Financeiro (Contraf-CUT) realiza, nesta quarta-feira (6), \u00e0s 13h, mais uma\u00a0<a href=\"https:\/\/www.facebook.com\/contrafcut\/?ref=bookmarks\" target=\"_blank\" rel=\"noopener noreferrer\">transmiss\u00e3o ao vivo em sua p\u00e1gina do Facebook<\/a>. Desta vez, a live contar\u00e1 com a participa\u00e7\u00e3o das duas coordenadoras do Comando Nacional dos Banc\u00e1rios, Juvandia Moreira, presidenta da Contraf-CUT, e Ivone Silva, presidenta do Sindicato dos Banc\u00e1rios de S\u00e3o Paulo.<\/p>\n<p>O tema do debate desta semana ser\u00e3o as propostas de\u00a0<a href=\"https:\/\/contrafcut.com.br\/noticias\/comando-indica-aprovacao-dos-acordos-do-santander-itau-e-bv\/\" target=\"_blank\" rel=\"noopener noreferrer\">acordos com os bancos Ita\u00fa e Santander e com o grupo BV (banco e financeira), as quais o Comando Nacional orientou a aprova\u00e7\u00e3o<\/a>.<\/p>\n<p>O acordo do Santander renova, por dois anos, os acordos espec\u00edficos do banco, aditivos \u00e0 Conven\u00e7\u00e3o Coletiva de Trabalho da categoria, com melhorias conseguidas pelos trabalhadores e a possibilidade de melhorias em outros pontos que ser\u00e3o debatidos posteriormente, como a isen\u00e7\u00e3o de tarifas banc\u00e1rias para os funcion\u00e1rios.<\/p>\n<p>Nos acordos do Ita\u00fa e do grupo BV, os representantes dos trabalhadores garantiram a manuten\u00e7\u00e3o do emprego e da renda l\u00edquida e negociaram regras para f\u00e9rias e banco de horas. O acordo do banco Ita\u00fa inclui, ainda, todas as medidas tomadas pelo banco para resguardar a sa\u00fade dos seus funcion\u00e1rios e clientes, al\u00e9m do compromisso de n\u00e3o demiss\u00e3o de trabalhadores at\u00e9 o fim da pandemia.<\/p>\n<p>Para tirar todas as d\u00favidas sobre os acordos, Juvandia e Ivone contar\u00e3o com a colabora\u00e7\u00e3o de Gustavo Tabatinga Jr., secret\u00e1rio-geral da Contraf-CUT, que participou das negocia\u00e7\u00f5es com o BV; Maria Rosani, coordenadora da COE Santander; Jair Alves, coordenador da COE Ita\u00fa; e B\u00e1rbara Vallejos, t\u00e9cnica da subse\u00e7\u00e3o do Dieese na Contraf-CUT. O debate ser\u00e1 mediado pelo jornalista Rodrigo Zevzikovas.<\/p>\n<p><strong>Fonte: Contraf-CUT<\/strong><\/p>\n","protected":false},"excerpt":{"rendered":"<p>A Confedera\u00e7\u00e3o Nacional dos Trabalhadores do Ramo Financeiro (Contraf-CUT) realiza, nesta quarta-feira (6), \u00e0s 13h, mais uma\u00a0transmiss\u00e3o ao vivo em sua p\u00e1gina do Facebook. Desta vez, a live contar\u00e1 com a participa\u00e7\u00e3o das duas coordenadoras do Comando Nacional dos Banc\u00e1rios, Juvandia Moreira, presidenta da Contraf-CUT, e Ivone Silva, presidenta do Sindicato dos Banc\u00e1rios de S\u00e3o [&hellip;]<\/p>\n","protected":false},"author":2,"featured_media":8840,"comment_status":"","ping_status":"","sticky":false,"template":"","format":"standard","meta":{"footnotes":""},"categories":[3],"tags":[],"class_list":["post-8841","post","type-post","status-publish","format-standard","has-post-thumbnail","hentry","category-noticias"],"_links":{"self":[{"href":"https:\/\/hostnetart.com.br\/baixada\/wp-json\/wp\/v2\/posts\/8841","targetHints":{"allow":["GET"]}}],"collection":[{"href":"https:\/\/hostnetart.com.br\/baixada\/wp-json\/wp\/v2\/posts"}],"about":[{"href":"https:\/\/hostnetart.com.br\/baixada\/wp-json\/wp\/v2\/types\/post"}],"author":[{"embeddable":true,"href":"https:\/\/hostnetart.com.br\/baixada\/wp-json\/wp\/v2\/users\/2"}],"replies":[{"embeddable":true,"href":"https:\/\/hostnetart.com.br\/baixada\/wp-json\/wp\/v2\/comments?post=8841"}],"version-history":[{"count":0,"href":"https:\/\/hostnetart.com.br\/baixada\/wp-json\/wp\/v2\/posts\/8841\/revisions"}],"wp:featuredmedia":[{"embeddable":true,"href":"https:\/\/hostnetart.com.br\/baixada\/wp-json\/wp\/v2\/media\/8840"}],"wp:attachment":[{"href":"https:\/\/hostnetart.com.br\/baixada\/wp-json\/wp\/v2\/media?parent=8841"}],"wp:term":[{"taxonomy":"category","embeddable":true,"href":"https:\/\/hostnetart.com.br\/baixada\/wp-json\/wp\/v2\/categories?post=8841"},{"taxonomy":"post_tag","embeddable":true,"href":"https:\/\/hostnetart.com.br\/baixada\/wp-json\/wp\/v2\/tags?post=8841"}],"curies":[{"name":"wp","href":"https:\/\/api.w.org\/{rel}","templated":true}]}}