{"id":884,"date":"2014-03-21T00:00:00","date_gmt":"2014-03-21T03:00:00","guid":{"rendered":"https:\/\/hostnetart.com.br\/baixada\/uni-sindicato-global-assina-acordo-marco-global-com-o-itau-nesta-sexta\/"},"modified":"2014-03-21T00:00:00","modified_gmt":"2014-03-21T03:00:00","slug":"uni-sindicato-global-assina-acordo-marco-global-com-o-itau-nesta-sexta","status":"publish","type":"post","link":"https:\/\/hostnetart.com.br\/baixada\/uni-sindicato-global-assina-acordo-marco-global-com-o-itau-nesta-sexta\/","title":{"rendered":"UNI Sindicato Global assina Acordo Marco Global com o Ita\u00fa nesta sexta"},"content":{"rendered":"<p>A UNI Sindicato Global assina nesta sexta-feira (21), em S\u00e3o Paulo, o primeiro Acordo Marco Global com o Ita\u00fa. O documento ser\u00e1 firmado pelo secret\u00e1rio-geral da UNI, Philip Jennings, que saiu de Nyon, na Su\u00ed\u00e7a, e veio ao Brasil para assinar o primeiro acordo marco com um banco privado brasileiro. O Banco do Brasil foi o primeiro banco p\u00fablico do pa\u00eds a assinar e renovar esse instrumento.<\/p>\n<p>A solenidade tamb\u00e9m ser\u00e1 acompanhada pelo chefe mundial da UNI Finan\u00e7as, M\u00e1rcio Monzane, pela secret\u00e1ria regional da UNI Am\u00e9ricas, Adriana Rosenzvaig, pelo presidente da Contraf-CUT e da UNI Am\u00e9ricas, Carlos Cordeiro, e pelo diretor regional da UNI Am\u00e9ricas Finan\u00e7as, Andr\u00e9 Rodrigues.<\/p>\n<p>O objetivo do acordo \u00e9 garantir aos banc\u00e1rios do banco brasileiro que trabalham em qualquer pa\u00eds das Am\u00e9ricas os direitos fundamentais previstos nas declara\u00e7\u00f5es da Organiza\u00e7\u00e3o Internacional do Trabalho (OIT), entre eles o de sindicaliza\u00e7\u00e3o, o de livre organiza\u00e7\u00e3o sindical e o de negocia\u00e7\u00e3o coletiva.<\/p>\n<p>O presidente da Contraf-CUT ressalta que o acordo foi constru\u00eddo em v\u00e1rias negocia\u00e7\u00f5es com o Ita\u00fa, a partir das reuni\u00f5es das redes sindicais dos bancos internacionais e da atua\u00e7\u00e3o de Andr\u00e9 Rodrigues como negociador da UNI. Para Cordeiro, o instrumento fortalece o processo de di\u00e1logo do movimento sindical do continente com o Ita\u00fa, que \u00e9 hoje um banco que rompeu as fronteiras do Brasil e atua em v\u00e1rios pa\u00edses da Am\u00e9rica Latina.<\/p>\n<p>\u201cPor isso, \u00e9 importante a assinatura do acordo, de forma a garantir aos banc\u00e1rios das na\u00e7\u00f5es vizinhas as pr\u00e1ticas de rela\u00e7\u00f5es sindicais j\u00e1 constru\u00eddas aqui no Brasil, o pa\u00eds-sede, buscando ampliar direitos e melhorar as condi\u00e7\u00f5es de trabalho\u201d, conclui Cordeiro.<\/p>\n<p>Fonte: Contraf-CUT<\/p>\n","protected":false},"excerpt":{"rendered":"<p>A UNI Sindicato Global assina nesta sexta-feira (21), em S\u00e3o Paulo, o primeiro Acordo Marco Global com o Ita\u00fa. O documento ser\u00e1 firmado pelo secret\u00e1rio-geral da UNI, Philip Jennings, que saiu de Nyon, na Su\u00ed\u00e7a, e veio ao Brasil para assinar o primeiro acordo marco com um banco privado brasileiro. O Banco do Brasil foi [&hellip;]<\/p>\n","protected":false},"author":1,"featured_media":0,"comment_status":"","ping_status":"","sticky":false,"template":"","format":"standard","meta":{"footnotes":""},"categories":[3],"tags":[],"class_list":["post-884","post","type-post","status-publish","format-standard","hentry","category-noticias"],"_links":{"self":[{"href":"https:\/\/hostnetart.com.br\/baixada\/wp-json\/wp\/v2\/posts\/884","targetHints":{"allow":["GET"]}}],"collection":[{"href":"https:\/\/hostnetart.com.br\/baixada\/wp-json\/wp\/v2\/posts"}],"about":[{"href":"https:\/\/hostnetart.com.br\/baixada\/wp-json\/wp\/v2\/types\/post"}],"author":[{"embeddable":true,"href":"https:\/\/hostnetart.com.br\/baixada\/wp-json\/wp\/v2\/users\/1"}],"replies":[{"embeddable":true,"href":"https:\/\/hostnetart.com.br\/baixada\/wp-json\/wp\/v2\/comments?post=884"}],"version-history":[{"count":0,"href":"https:\/\/hostnetart.com.br\/baixada\/wp-json\/wp\/v2\/posts\/884\/revisions"}],"wp:attachment":[{"href":"https:\/\/hostnetart.com.br\/baixada\/wp-json\/wp\/v2\/media?parent=884"}],"wp:term":[{"taxonomy":"category","embeddable":true,"href":"https:\/\/hostnetart.com.br\/baixada\/wp-json\/wp\/v2\/categories?post=884"},{"taxonomy":"post_tag","embeddable":true,"href":"https:\/\/hostnetart.com.br\/baixada\/wp-json\/wp\/v2\/tags?post=884"}],"curies":[{"name":"wp","href":"https:\/\/api.w.org\/{rel}","templated":true}]}}