{"id":8837,"date":"2020-05-05T11:57:09","date_gmt":"2020-05-05T14:57:09","guid":{"rendered":"https:\/\/hostnetart.com.br\/baixada\/bancarios-e-financiarios-vao-deliberar-sobre-acordo-com-o-bv\/"},"modified":"2020-05-05T11:57:09","modified_gmt":"2020-05-05T14:57:09","slug":"bancarios-e-financiarios-vao-deliberar-sobre-acordo-com-o-bv","status":"publish","type":"post","link":"https:\/\/hostnetart.com.br\/baixada\/bancarios-e-financiarios-vao-deliberar-sobre-acordo-com-o-bv\/","title":{"rendered":"Banc\u00e1rios e financi\u00e1rios v\u00e3o deliberar sobre acordo com o BV"},"content":{"rendered":"<div class=\"elementor-element elementor-element-194680ec elementor-widget elementor-widget-theme-post-content\" data-id=\"194680ec\" data-element_type=\"widget\" data-widget_type=\"theme-post-content.default\">\n<div class=\"elementor-widget-container\">\n<p>A Confedera\u00e7\u00e3o Nacional dos Trabalhadores do Ramo Financeiro (Contraf-CUT) enviou uma circular jur\u00eddica na manh\u00e3 desta segunda-feira (4) orientando que os sindicatos e federa\u00e7\u00f5es que comp\u00f5em o Comando Nacional dos Banc\u00e1rios realizem assembleias no dia 7 de maio (quinta-feira) para deliberarem sobre o Acordo Coletivo de Trabalho sobre a Pandemia de Covid-19 da BV Financeira S\/A e do Banco Votorantim S\/A.<\/p>\n<p>\u201cDiante do Estado de Calamidade P\u00fablica, para evitar aglomera\u00e7\u00f5es que pudessem colocar os trabalhadores em risco de cont\u00e1gio pelo novo coronav\u00edrus, a regulamenta\u00e7\u00e3o espec\u00edfica permite que as assembleias sejam realizadas de forma virtual. A Contraf-CUT disponibilizar\u00e1 \u00e0s entidades que assim optarem, um sistema de assembleia com vota\u00e7\u00e3o eletr\u00f4nica\u201d, explicou o secret\u00e1rio de Assuntos Jur\u00eddicos da Contraf-CUT, Lourival Rodrigues. \u201cOs sindicatos que utilizarem o sistema realizar\u00e3o a assembleia na pr\u00f3xima quinta-feira (7). Mas, cada sindicato tem sua autonomia. Podem utilizar outro sistema e realizar a assembleia em outra data. N\u00f3s orientamos a realiza\u00e7\u00e3o no dia 7\u201d, concluiu.<\/p>\n<p>Al\u00e9m da circular jur\u00eddica com todas as orienta\u00e7\u00f5es para publica\u00e7\u00e3o do edital de convoca\u00e7\u00e3o, registro de ata e todos as demais instru\u00e7\u00f5es necess\u00e1rias para a realiza\u00e7\u00e3o da assembleia, a Contraf-CUT enviou tamb\u00e9m o resumo do acordo, que ter\u00e1 vig\u00eancia de 21 (vinte e um) meses a contar da data de assinatura pelas partes, enquanto perdurar o Estado de Calamidade P\u00fablica e o processo de compensa\u00e7\u00e3o do banco de horas de 18 meses.<\/p>\n<h3><strong>Orienta\u00e7\u00e3o do Comando<\/strong><\/h3>\n<p>O grupo BV (Banco e Financeira) procurou a Contraf-CUT para negociar a aplica\u00e7\u00e3o de mecanismos previstos nas medidas provis\u00f3rias 927\/2020 e 936\/2020, que poderiam trazer diversos preju\u00edzos aos funcion\u00e1rios, como a redu\u00e7\u00e3o salarial em at\u00e9 70% e a suspens\u00e3o do contrato de trabalho.<\/p>\n<p>\u201cConseguimos manter o valor l\u00edquido dos sal\u00e1rios e os empregos estar\u00e3o garantidos por at\u00e9 120 dias\u201d, afirmou o secret\u00e1rio-geral da Contraf-CUT, Gustavo Tabatinga, que acompanhou a negocia\u00e7\u00e3o do acordo.<\/p>\n<p>\u201cNegociamos o pagamento de um abono que vai completar o valor a ser recebido pelos funcion\u00e1rios, garantindo os sal\u00e1rios l\u00edquidos inalterados na conta. Mitigando, assim, a redu\u00e7\u00e3o de 25% dos sal\u00e1rios brutos proposta pelo BB\u201d, explicou Tabatinga.<\/p>\n<p>Em reuni\u00e3o realizada no dia 30 de abril, o Comando Nacional dos Banc\u00e1rios analisou o acordo, ponderou que o mesmo <a href=\"https:\/\/contrafcut.com.br\/noticias\/contraf-cut-consegue-amenizar-efeitos-das-mps-927-e-936-no-grupo-bv\/\" target=\"_blank\" rel=\"noopener noreferrer\">mant\u00e9m os empregos e a renda l\u00edquida dos trabalhadores<\/a> do grupo BV e <a href=\"https:\/\/contrafcut.com.br\/noticias\/comando-indica-aprovacao-dos-acordos-do-santander-itau-e-bv\/\" target=\"_blank\" rel=\"noopener noreferrer\">orientou sua aprova\u00e7\u00e3o<\/a>.<\/p>\n<p><strong>Fonte: Contraf-CUT<\/strong><\/p>\n<\/div>\n<\/div>\n","protected":false},"excerpt":{"rendered":"<p>A Confedera\u00e7\u00e3o Nacional dos Trabalhadores do Ramo Financeiro (Contraf-CUT) enviou uma circular jur\u00eddica na manh\u00e3 desta segunda-feira (4) orientando que os sindicatos e federa\u00e7\u00f5es que comp\u00f5em o Comando Nacional dos Banc\u00e1rios realizem assembleias no dia 7 de maio (quinta-feira) para deliberarem sobre o Acordo Coletivo de Trabalho sobre a Pandemia de Covid-19 da BV Financeira [&hellip;]<\/p>\n","protected":false},"author":2,"featured_media":8836,"comment_status":"","ping_status":"","sticky":false,"template":"","format":"standard","meta":{"footnotes":""},"categories":[3],"tags":[],"class_list":["post-8837","post","type-post","status-publish","format-standard","has-post-thumbnail","hentry","category-noticias"],"_links":{"self":[{"href":"https:\/\/hostnetart.com.br\/baixada\/wp-json\/wp\/v2\/posts\/8837","targetHints":{"allow":["GET"]}}],"collection":[{"href":"https:\/\/hostnetart.com.br\/baixada\/wp-json\/wp\/v2\/posts"}],"about":[{"href":"https:\/\/hostnetart.com.br\/baixada\/wp-json\/wp\/v2\/types\/post"}],"author":[{"embeddable":true,"href":"https:\/\/hostnetart.com.br\/baixada\/wp-json\/wp\/v2\/users\/2"}],"replies":[{"embeddable":true,"href":"https:\/\/hostnetart.com.br\/baixada\/wp-json\/wp\/v2\/comments?post=8837"}],"version-history":[{"count":0,"href":"https:\/\/hostnetart.com.br\/baixada\/wp-json\/wp\/v2\/posts\/8837\/revisions"}],"wp:featuredmedia":[{"embeddable":true,"href":"https:\/\/hostnetart.com.br\/baixada\/wp-json\/wp\/v2\/media\/8836"}],"wp:attachment":[{"href":"https:\/\/hostnetart.com.br\/baixada\/wp-json\/wp\/v2\/media?parent=8837"}],"wp:term":[{"taxonomy":"category","embeddable":true,"href":"https:\/\/hostnetart.com.br\/baixada\/wp-json\/wp\/v2\/categories?post=8837"},{"taxonomy":"post_tag","embeddable":true,"href":"https:\/\/hostnetart.com.br\/baixada\/wp-json\/wp\/v2\/tags?post=8837"}],"curies":[{"name":"wp","href":"https:\/\/api.w.org\/{rel}","templated":true}]}}