{"id":8831,"date":"2020-05-04T20:50:33","date_gmt":"2020-05-04T23:50:33","guid":{"rendered":"https:\/\/hostnetart.com.br\/baixada\/contraf-cut-protesta-contra-o-trabalho-aos-sabados-na-caixa\/"},"modified":"2020-05-04T20:50:33","modified_gmt":"2020-05-04T23:50:33","slug":"contraf-cut-protesta-contra-o-trabalho-aos-sabados-na-caixa","status":"publish","type":"post","link":"https:\/\/hostnetart.com.br\/baixada\/contraf-cut-protesta-contra-o-trabalho-aos-sabados-na-caixa\/","title":{"rendered":"Contraf-CUT protesta contra o trabalho aos s\u00e1bados na Caixa"},"content":{"rendered":"<p>A Confedera\u00e7\u00e3o Nacional dos Trabalhadores do Ramo Financeiro (Contraf-CUT), assessorada pela Comiss\u00e3o Executiva dos Empregados da Caixa Econ\u00f4mica Federal (CEE\/Caixa), enviou <a href=\"https:\/\/contrafcut.com.br\/wp-content\/uploads\/2020\/05\/of-06720.pdf?x15705\">of\u00edcio ao presidente da Caixa<\/a>, Pedro Guimar\u00e3es, na \u00faltima quinta-feira (30), para protestar contra o trabalho aos s\u00e1bados realizado pelos empregados e questionar a forma de remunera\u00e7\u00e3o sobre a jornada de trabalho no feriado de 21 de abril.<\/p>\n<p> Fabiana Uehara Proscholdt, secret\u00e1ria da Cultura e representante da Contraf-CUT nas negocia\u00e7\u00f5es com o banco, garante que a abertura das ag\u00eancias aos s\u00e1bados n\u00e3o resolve o problema das filas nas portas das unidades e ainda potencializa a aglomera\u00e7\u00e3o e o risco de cont\u00e1gio da Covid-19. \u201cAo estabelecer o trabalho em feriados e aos s\u00e1bados, a Caixa s\u00f3 traz mais desgastes \u00e0 sa\u00fade f\u00edsica e mental dos empregados, que n\u00e3o poder\u00e3o usufruir do devido tempo de descanso, principalmente quando eles est\u00e3o na linha de frente do atendimento durante a pandemia.\u201d<\/p>\n<p> A Contraf-CUT cobrou ainda a remunera\u00e7\u00e3o de 100% (cem por cento) das horas trabalhadas no feriado de 21 de abril e dos s\u00e1bados, 25 de abril e 2 de maio, como horas extras e seus reflexos para todos os empregados envolvidos, inclusive os gerentes gerais. Al\u00e9m da rela\u00e7\u00e3o das ag\u00eancias listadas para funcionar no dia 2 de maio, a quantidade de empregados abrangidos, bem como a rela\u00e7\u00e3o daqueles que optaram livremente por trabalhar nesse per\u00edodo. \u201cAdemais, cabe lembrar que, pela legisla\u00e7\u00e3o vigente, o trabalho exercido em feriado deve ser remunerado em dobro\u201d, concluiu a dirigente da Contraf-CUT.<\/p>\n<p><strong>Fonte: Contraf-CUT<\/strong><\/p>\n","protected":false},"excerpt":{"rendered":"<p>A Confedera\u00e7\u00e3o Nacional dos Trabalhadores do Ramo Financeiro (Contraf-CUT), assessorada pela Comiss\u00e3o Executiva dos Empregados da Caixa Econ\u00f4mica Federal (CEE\/Caixa), enviou of\u00edcio ao presidente da Caixa, Pedro Guimar\u00e3es, na \u00faltima quinta-feira (30), para protestar contra o trabalho aos s\u00e1bados realizado pelos empregados e questionar a forma de remunera\u00e7\u00e3o sobre a jornada de trabalho no feriado [&hellip;]<\/p>\n","protected":false},"author":2,"featured_media":8830,"comment_status":"","ping_status":"","sticky":false,"template":"","format":"standard","meta":{"footnotes":""},"categories":[3],"tags":[],"class_list":["post-8831","post","type-post","status-publish","format-standard","has-post-thumbnail","hentry","category-noticias"],"_links":{"self":[{"href":"https:\/\/hostnetart.com.br\/baixada\/wp-json\/wp\/v2\/posts\/8831","targetHints":{"allow":["GET"]}}],"collection":[{"href":"https:\/\/hostnetart.com.br\/baixada\/wp-json\/wp\/v2\/posts"}],"about":[{"href":"https:\/\/hostnetart.com.br\/baixada\/wp-json\/wp\/v2\/types\/post"}],"author":[{"embeddable":true,"href":"https:\/\/hostnetart.com.br\/baixada\/wp-json\/wp\/v2\/users\/2"}],"replies":[{"embeddable":true,"href":"https:\/\/hostnetart.com.br\/baixada\/wp-json\/wp\/v2\/comments?post=8831"}],"version-history":[{"count":0,"href":"https:\/\/hostnetart.com.br\/baixada\/wp-json\/wp\/v2\/posts\/8831\/revisions"}],"wp:featuredmedia":[{"embeddable":true,"href":"https:\/\/hostnetart.com.br\/baixada\/wp-json\/wp\/v2\/media\/8830"}],"wp:attachment":[{"href":"https:\/\/hostnetart.com.br\/baixada\/wp-json\/wp\/v2\/media?parent=8831"}],"wp:term":[{"taxonomy":"category","embeddable":true,"href":"https:\/\/hostnetart.com.br\/baixada\/wp-json\/wp\/v2\/categories?post=8831"},{"taxonomy":"post_tag","embeddable":true,"href":"https:\/\/hostnetart.com.br\/baixada\/wp-json\/wp\/v2\/tags?post=8831"}],"curies":[{"name":"wp","href":"https:\/\/api.w.org\/{rel}","templated":true}]}}