{"id":8829,"date":"2020-05-04T13:24:48","date_gmt":"2020-05-04T16:24:48","guid":{"rendered":"https:\/\/hostnetart.com.br\/baixada\/decisao-sobre-covid-19-como-doenca-ocupacional-e-instrumento-importante-para-trabalhadores\/"},"modified":"2020-05-04T13:24:48","modified_gmt":"2020-05-04T16:24:48","slug":"decisao-sobre-covid-19-como-doenca-ocupacional-e-instrumento-importante-para-trabalhadores","status":"publish","type":"post","link":"https:\/\/hostnetart.com.br\/baixada\/decisao-sobre-covid-19-como-doenca-ocupacional-e-instrumento-importante-para-trabalhadores\/","title":{"rendered":"Decis\u00e3o sobre covid-19 como doen\u00e7a ocupacional \u00e9 instrumento importante para trabalhadores"},"content":{"rendered":"<p>A covid-19 pode ser considerada doen\u00e7a ocupacional, de acordo com os ministros do Supremo Tribunal Federal (STF). Na quarta-feira (29), quando foi analisada a <a href=\"http:\/\/www.planalto.gov.br\/ccivil_03\/_ato2019-2022\/2020\/Mpv\/mpv927.htm\" target=\"_blank\" rel=\"noopener noreferrer\">Medida Provis\u00f3ria (MP) 927<\/a> \u2013 editada pelo presidente Jair Bolsonaro \u2013, os ministros julgaram como ilegal o artigo 29 da medida, que estabelecia que os casos de contamina\u00e7\u00e3o pelo novo <a href=\"https:\/\/www.redebrasilatual.com.br\/tag\/coronavirus-no-brasil\/\" target=\"_blank\" rel=\"noopener noreferrer\">coronav\u00edrus <\/a>n\u00e3o seriam \u201cconsiderados ocupacionais, exceto mediante comprova\u00e7\u00e3o do nexo causal\u201d.\u00a0<\/p>\n<p>Por unanimidade, o STF reiterou, de forma liminar, que a pandemia <a href=\"https:\/\/www.redebrasilatual.com.br\/trabalho\/2020\/04\/trabalhadores-da-saude-afastados-covid-19\/\" target=\"_blank\" rel=\"noopener noreferrer\">exp\u00f5e diariamente trabalhadores da sa\u00fade<\/a> e de outros servi\u00e7os essenciais, como de supermercados, farm\u00e1cias, al\u00e9m de motoboys, ao risco de contamina\u00e7\u00e3o.\u00a0<\/p>\n<p>A decis\u00e3o chamou a aten\u00e7\u00e3o de representantes dos trabalhadores, que viram a suspens\u00e3o como um ato importante no contexto de pandemia. Na cidade de S\u00e3o Paulo, por exemplo, o presidente do Sindicato dos Servidores Municipais de SP (Sindsep), S\u00e9rgio Antiqueira, pondera que embora o parecer da Corte n\u00e3o seja autom\u00e1tico, ele \u00e9 um instrumento jur\u00eddico fundamental para os trabalhadores.\u00a0<\/p>\n<p>\u201cO prefeito Bruno Covas, quando publicou o decreto de estado de emerg\u00eancia, incluiu o artigo 4\u00ba colocando que os trabalhadores que contra\u00edssem a doen\u00e7a fossem tratados com a licen\u00e7a 143, que \u00e9 o c\u00f3digo utilizado para a licen\u00e7a e afastamento m\u00e9dico por qualquer outro motivo que n\u00e3o seja relacionado a acidente de trabalho\u201d, lembra o presidente do Sindsep, ressaltando que a decis\u00e3o do STF n\u00e3o anula o decreto, mas torna-o question\u00e1vel por contrariar a Constitui\u00e7\u00e3o.<\/p>\n<p>\u201cO governo do munic\u00edpio e o governo de (Jo\u00e3o) Doria n\u00e3o divulgam o n\u00famero de adoecimento dos trabalhadores, que est\u00e1 relacionado tamb\u00e9m com as condi\u00e7\u00f5es de trabalho, a falta de EPIs (equipamentos de prote\u00e7\u00e3o individual), que eles negam o tempo todo, mas a gente sabe a realidade\u201d, destaca.\u00a0<\/p>\n<p>Na decis\u00e3o liminar, os ministros tamb\u00e9m suspenderam o artigo 31 da norma que limitava a atua\u00e7\u00e3o dos auditores-fiscais do Trabalho. Por outro lado, a Suprema Corte manteve os demais artigo da <a href=\"https:\/\/www.redebrasilatual.com.br\/politica\/2020\/04\/stf-volta-a-endossar-flexibilizacao-e-rejeita-acoes-contra-mp-que-permite-alterar-direitos\/\" target=\"_blank\" rel=\"noopener noreferrer\">MP 927 que alteram e suspendem direitos trabalhistas <\/a>\u2013 como f\u00e9rias e banco de horas \u2013 durante o per\u00edodo de calamidade p\u00fablica decretado por causa da pandemia.\u00a0<\/p>\n<p><strong>Fonte: Rede Brasil Atual<\/strong><\/p>\n","protected":false},"excerpt":{"rendered":"<p>A covid-19 pode ser considerada doen\u00e7a ocupacional, de acordo com os ministros do Supremo Tribunal Federal (STF). Na quarta-feira (29), quando foi analisada a Medida Provis\u00f3ria (MP) 927 \u2013 editada pelo presidente Jair Bolsonaro \u2013, os ministros julgaram como ilegal o artigo 29 da medida, que estabelecia que os casos de contamina\u00e7\u00e3o pelo novo coronav\u00edrus [&hellip;]<\/p>\n","protected":false},"author":2,"featured_media":8828,"comment_status":"","ping_status":"","sticky":false,"template":"","format":"standard","meta":{"footnotes":""},"categories":[3],"tags":[],"class_list":["post-8829","post","type-post","status-publish","format-standard","has-post-thumbnail","hentry","category-noticias"],"_links":{"self":[{"href":"https:\/\/hostnetart.com.br\/baixada\/wp-json\/wp\/v2\/posts\/8829","targetHints":{"allow":["GET"]}}],"collection":[{"href":"https:\/\/hostnetart.com.br\/baixada\/wp-json\/wp\/v2\/posts"}],"about":[{"href":"https:\/\/hostnetart.com.br\/baixada\/wp-json\/wp\/v2\/types\/post"}],"author":[{"embeddable":true,"href":"https:\/\/hostnetart.com.br\/baixada\/wp-json\/wp\/v2\/users\/2"}],"replies":[{"embeddable":true,"href":"https:\/\/hostnetart.com.br\/baixada\/wp-json\/wp\/v2\/comments?post=8829"}],"version-history":[{"count":0,"href":"https:\/\/hostnetart.com.br\/baixada\/wp-json\/wp\/v2\/posts\/8829\/revisions"}],"wp:featuredmedia":[{"embeddable":true,"href":"https:\/\/hostnetart.com.br\/baixada\/wp-json\/wp\/v2\/media\/8828"}],"wp:attachment":[{"href":"https:\/\/hostnetart.com.br\/baixada\/wp-json\/wp\/v2\/media?parent=8829"}],"wp:term":[{"taxonomy":"category","embeddable":true,"href":"https:\/\/hostnetart.com.br\/baixada\/wp-json\/wp\/v2\/categories?post=8829"},{"taxonomy":"post_tag","embeddable":true,"href":"https:\/\/hostnetart.com.br\/baixada\/wp-json\/wp\/v2\/tags?post=8829"}],"curies":[{"name":"wp","href":"https:\/\/api.w.org\/{rel}","templated":true}]}}