{"id":8779,"date":"2020-04-27T03:26:02","date_gmt":"2020-04-27T06:26:02","guid":{"rendered":"https:\/\/hostnetart.com.br\/baixada\/em-meio-a-pandemia-witzel-quer-urgencia-em-privatizar-agua-e-educacao\/"},"modified":"2020-04-27T03:26:02","modified_gmt":"2020-04-27T06:26:02","slug":"em-meio-a-pandemia-witzel-quer-urgencia-em-privatizar-agua-e-educacao","status":"publish","type":"post","link":"https:\/\/hostnetart.com.br\/baixada\/em-meio-a-pandemia-witzel-quer-urgencia-em-privatizar-agua-e-educacao\/","title":{"rendered":"Em meio a pandemia, Witzel quer urg\u00eancia em privatizar \u00e1gua e educa\u00e7\u00e3o"},"content":{"rendered":"<p>O governador do Rio de Janeiro, Wilson Witzel, enviou projeto de lei para a Assembleia Legislativa (Alerj) que permite privatizar universidades p\u00fablicas e a Companhia Estadual de \u00c1gua e Esgoto (Cedae).<\/p>\n<p>Em meio \u00e0 pandemia do novo coronav\u00edrus, o projeto pede a retomada do programa estadual de desestatiza\u00e7\u00e3o, criado em 1995. Podem ser atingidas pela proposta as universidades estaduais, funda\u00e7\u00f5es e <a href=\"https:\/\/www.redebrasilatual.com.br\/trabalho\/2017\/02\/saneamento-basico-nao-combina-com-lucro-economico-diz-trabalhador-da-cedae\/\" target=\"_blank\" rel=\"noopener noreferrer\">empresas de sociedades mistas<\/a>.<\/p>\n<p>Witzel pretende revoga artigos da Lei n\u00ba 7.941, de 2018, que pro\u00edbem a extin\u00e7\u00e3o de universidades e n\u00e3o permitem privatizar empresas p\u00fablicas.<\/p>\n<p>O presidente do Sindicato dos Trabalhadores em Saneamento de Niter\u00f3i, Ary Girota, afirma que a <a href=\"https:\/\/www.redebrasilatual.com.br\/politica\/2017\/02\/privatizacao-da-cedae-poe-em-risco-o-acesso-a-agua-como-direito-humano\/\" target=\"_blank\" rel=\"noopener noreferrer\">Cedae pode contribuir na democratiza\u00e7\u00e3o do acesso \u00e0 \u00e1gua<\/a>. \u201cEm tempos de coronav\u00edrus, a companhia tem todas as condi\u00e7\u00f5es de combater essa pandemia, levando \u00e1gua para quem pode ou n\u00e3o pode pagar. No ponto de vista social, tem a capilaridade necess\u00e1ria para atender aquelas pessoas que residem nas \u00e1reas mais perif\u00e9ricas e assentamentos. Al\u00e9m da parte econ\u00f4mica, onde a Cedae tem a possibilidade de isentar a popula\u00e7\u00e3o da cobran\u00e7a de tarifa\u201d, afirma \u00e0 reportagem da <strong>TVT<\/strong>.<\/p>\n<h2>Universidades<\/h2>\n<p>Reitores das universidades estaduais se manifestaram <a href=\"https:\/\/www.uerj.br\/noticia\/10905\/\" target=\"_blank\" rel=\"noopener noreferrer\">por meio de uma carta aberta<\/a> ao governador. Eles ressaltam o papel das universidades no combate a Covid-19 e refor\u00e7am a arbitrariedade da proposta, j\u00e1 que a Constitui\u00e7\u00e3o Estadual veta a privatiza\u00e7\u00e3o dessas institui\u00e7\u00f5es por lei ordin\u00e1ria.<\/p>\n<p>O Conselho de Reitores das Universidades Estaduais do Rio de Janeiro (Cruerj), afirma que as <a href=\"https:\/\/www.redebrasilatual.com.br\/educacao\/2019\/05\/estudantes-da-ufrj-se-mobilizam-contra-cortes-de-recursos-na-educacao\/\" target=\"_blank\" rel=\"noopener noreferrer\">universidades estaduais<\/a> s\u00f3 v\u00eam alcan\u00e7ando bons resultados no combate ao coronav\u00edrus por serem institui\u00e7\u00f5es p\u00fablicas.<\/p>\n<p>A oposi\u00e7\u00e3o na Alerj se articula contra a proposta. \u201cSe tem uma coisa que a pandemia nos ensinou \u00e9 que a ci\u00eancia \u00e9 fundamental\u201d, afirmou o deputado estadual Waldeck Carneiro (PT), \u00e0 rep\u00f3rter Viviane Nascimento. \u201cEssa crise mostrou que precisamos da presen\u00e7a forte do Estado e de seus \u00f3rg\u00e3os para salvar vidas.\u201d<\/p>\n<p>As entidades sindicais tamb\u00e9m prometem uma mobiliza\u00e7\u00e3o para barrar a proposta de Witzel. \u201cA pandemia n\u00e3o mostra que privatizar seja a solu\u00e7\u00e3o, muito pelo contr\u00e1rio. O que estamos assistindo \u00e9 necessidade de cada vez mais o Estado estar presente na atividade p\u00fablica e presta\u00e7\u00e3o de servi\u00e7os\u201d, acrescentou o presidente da CUT-Rio, Sandro Cezar.<\/p>\n<p><strong>Fonte: Rede Brasil Atual<\/strong><\/p>\n","protected":false},"excerpt":{"rendered":"<p>O governador do Rio de Janeiro, Wilson Witzel, enviou projeto de lei para a Assembleia Legislativa (Alerj) que permite privatizar universidades p\u00fablicas e a Companhia Estadual de \u00c1gua e Esgoto (Cedae). Em meio \u00e0 pandemia do novo coronav\u00edrus, o projeto pede a retomada do programa estadual de desestatiza\u00e7\u00e3o, criado em 1995. Podem ser atingidas pela [&hellip;]<\/p>\n","protected":false},"author":2,"featured_media":8778,"comment_status":"","ping_status":"","sticky":false,"template":"","format":"standard","meta":{"footnotes":""},"categories":[3],"tags":[],"class_list":["post-8779","post","type-post","status-publish","format-standard","has-post-thumbnail","hentry","category-noticias"],"_links":{"self":[{"href":"https:\/\/hostnetart.com.br\/baixada\/wp-json\/wp\/v2\/posts\/8779","targetHints":{"allow":["GET"]}}],"collection":[{"href":"https:\/\/hostnetart.com.br\/baixada\/wp-json\/wp\/v2\/posts"}],"about":[{"href":"https:\/\/hostnetart.com.br\/baixada\/wp-json\/wp\/v2\/types\/post"}],"author":[{"embeddable":true,"href":"https:\/\/hostnetart.com.br\/baixada\/wp-json\/wp\/v2\/users\/2"}],"replies":[{"embeddable":true,"href":"https:\/\/hostnetart.com.br\/baixada\/wp-json\/wp\/v2\/comments?post=8779"}],"version-history":[{"count":0,"href":"https:\/\/hostnetart.com.br\/baixada\/wp-json\/wp\/v2\/posts\/8779\/revisions"}],"wp:featuredmedia":[{"embeddable":true,"href":"https:\/\/hostnetart.com.br\/baixada\/wp-json\/wp\/v2\/media\/8778"}],"wp:attachment":[{"href":"https:\/\/hostnetart.com.br\/baixada\/wp-json\/wp\/v2\/media?parent=8779"}],"wp:term":[{"taxonomy":"category","embeddable":true,"href":"https:\/\/hostnetart.com.br\/baixada\/wp-json\/wp\/v2\/categories?post=8779"},{"taxonomy":"post_tag","embeddable":true,"href":"https:\/\/hostnetart.com.br\/baixada\/wp-json\/wp\/v2\/tags?post=8779"}],"curies":[{"name":"wp","href":"https:\/\/api.w.org\/{rel}","templated":true}]}}