{"id":8777,"date":"2020-04-25T18:21:23","date_gmt":"2020-04-25T21:21:23","guid":{"rendered":"https:\/\/hostnetart.com.br\/baixada\/e-preciso-descentralizar-o-pagamento-do-auxilio-emergencial-afirma-juvandia\/"},"modified":"2020-04-25T18:21:23","modified_gmt":"2020-04-25T21:21:23","slug":"e-preciso-descentralizar-o-pagamento-do-auxilio-emergencial-afirma-juvandia","status":"publish","type":"post","link":"https:\/\/hostnetart.com.br\/baixada\/e-preciso-descentralizar-o-pagamento-do-auxilio-emergencial-afirma-juvandia\/","title":{"rendered":"\u201c\u00c9 preciso descentralizar o pagamento do Aux\u00edlio Emergencial\u201d, afirma Juvandia"},"content":{"rendered":"<p>Em meio a intensas negocia\u00e7\u00f5es do setor banc\u00e1rio em todo o Brasil, Juvandia Moreira, presidenta da Confedera\u00e7\u00e3o Nacional dos Trabalhadores do Ramo Financeiro (Contraf-CUT), falou com o <a href=\"https:\/\/recontaai.com.br\/2020\/04\/24\/descentralizar-o-pagamento-do-auxilio-emergencial-e-preciso\/?fbclid=IwAR1Oc0Vj1RpW3pa1dVfSTOJlkMbCFcbvd8Kdew9FgxJffoXXJ0gzyZLNJ4E\" target=\"_blank\" rel=\"noopener noreferrer\">Reconta A\u00ed<\/a> sobre as mesas de negocia\u00e7\u00e3o para proteger todos os trabalhadores do ramo financeiro e sobre o futuro do Brasil.<\/p>\n<p>Na entrevista, podemos perceber que os equipamentos de prote\u00e7\u00e3o individual (EPI) dos trabalhadores s\u00e3o t\u00e3o importantes quanto o planejamento do governo para uma sa\u00edda da crise.<\/p>\n<p>A principal mensagem deixada pela presidenta da Contraf-CUT \u00e9 a necessidade de descentralizar o pagamento do <a href=\"https:\/\/recontaai.com.br\/2020\/04\/24\/auxilio-emergencial-como-sacar-os-r-600-em-dinheiro-vivo\/\" target=\"_blank\" rel=\"noopener noreferrer\">aux\u00edlio emergencial<\/a>. Segundo ela, essa proposta j\u00e1 est\u00e1 no Senado Federal e pode fazer com que o pagamento do benef\u00edcio seja feito com mais efici\u00eancia, evitando aglomera\u00e7\u00f5es.<\/p>\n<p>Al\u00e9m disso, Juvandia ressaltou o papel da Caixa e dos demais bancos p\u00fablicos no Brasil. Do mesmo modo, prosseguiu dizendo que, para o Brasil conseguir sair da pandemia de coronav\u00edrus com menos danos econ\u00f4micos, \u00e9 preciso a interven\u00e7\u00e3o do Estado.<\/p>\n<p>Por fim, Juvandia ainda provocou: \u201cN\u00e3o queremos escolher quem vai viver e quem vai viver. Queremos que todo mundo viva e essa \u00e9 a obriga\u00e7\u00e3o do Estado\u201d.<\/p>\n<h3><strong>Veja abaixo o v\u00eddeo com a entrevista.<\/strong><\/h3>\n<p><strong>{youtube}LcTqbMFVars{\/youtube}<\/strong><\/p>\n<p><strong>Fonte: Contraf-CUT<\/strong><\/p>\n","protected":false},"excerpt":{"rendered":"<p>Em meio a intensas negocia\u00e7\u00f5es do setor banc\u00e1rio em todo o Brasil, Juvandia Moreira, presidenta da Confedera\u00e7\u00e3o Nacional dos Trabalhadores do Ramo Financeiro (Contraf-CUT), falou com o Reconta A\u00ed sobre as mesas de negocia\u00e7\u00e3o para proteger todos os trabalhadores do ramo financeiro e sobre o futuro do Brasil. Na entrevista, podemos perceber que os equipamentos [&hellip;]<\/p>\n","protected":false},"author":2,"featured_media":8776,"comment_status":"","ping_status":"","sticky":false,"template":"","format":"standard","meta":{"footnotes":""},"categories":[3],"tags":[],"class_list":["post-8777","post","type-post","status-publish","format-standard","has-post-thumbnail","hentry","category-noticias"],"_links":{"self":[{"href":"https:\/\/hostnetart.com.br\/baixada\/wp-json\/wp\/v2\/posts\/8777","targetHints":{"allow":["GET"]}}],"collection":[{"href":"https:\/\/hostnetart.com.br\/baixada\/wp-json\/wp\/v2\/posts"}],"about":[{"href":"https:\/\/hostnetart.com.br\/baixada\/wp-json\/wp\/v2\/types\/post"}],"author":[{"embeddable":true,"href":"https:\/\/hostnetart.com.br\/baixada\/wp-json\/wp\/v2\/users\/2"}],"replies":[{"embeddable":true,"href":"https:\/\/hostnetart.com.br\/baixada\/wp-json\/wp\/v2\/comments?post=8777"}],"version-history":[{"count":0,"href":"https:\/\/hostnetart.com.br\/baixada\/wp-json\/wp\/v2\/posts\/8777\/revisions"}],"wp:featuredmedia":[{"embeddable":true,"href":"https:\/\/hostnetart.com.br\/baixada\/wp-json\/wp\/v2\/media\/8776"}],"wp:attachment":[{"href":"https:\/\/hostnetart.com.br\/baixada\/wp-json\/wp\/v2\/media?parent=8777"}],"wp:term":[{"taxonomy":"category","embeddable":true,"href":"https:\/\/hostnetart.com.br\/baixada\/wp-json\/wp\/v2\/categories?post=8777"},{"taxonomy":"post_tag","embeddable":true,"href":"https:\/\/hostnetart.com.br\/baixada\/wp-json\/wp\/v2\/tags?post=8777"}],"curies":[{"name":"wp","href":"https:\/\/api.w.org\/{rel}","templated":true}]}}