{"id":8775,"date":"2020-04-25T18:20:02","date_gmt":"2020-04-25T21:20:02","guid":{"rendered":"https:\/\/hostnetart.com.br\/baixada\/financiarios-debatem-sobre-propostas-para-campanha-salarial\/"},"modified":"2020-04-25T18:20:02","modified_gmt":"2020-04-25T21:20:02","slug":"financiarios-debatem-sobre-propostas-para-campanha-salarial","status":"publish","type":"post","link":"https:\/\/hostnetart.com.br\/baixada\/financiarios-debatem-sobre-propostas-para-campanha-salarial\/","title":{"rendered":"Financi\u00e1rios debatem sobre propostas para campanha salarial"},"content":{"rendered":"<div class=\"elementor-element elementor-element-194680ec elementor-widget elementor-widget-theme-post-content\" data-id=\"194680ec\" data-element_type=\"widget\" data-widget_type=\"theme-post-content.default\">\n<div class=\"elementor-widget-container\">\n<p>A Comiss\u00e3o de Organiza\u00e7\u00e3o dos Empregados (COE) das Financeiras realizou uma reuni\u00e3o em videoconfer\u00eancia nesta sexta-feira (24) para definir as premissas da campanha salarial da categoria. A data-base dos financi\u00e1rios \u00e9 1\u00ba de junho.<\/p>\n<p>\u201cPrecisamos analisar com cuidado todas as vari\u00e1veis, tendo em vista a atual conjuntura deste tempo de pandemia, que pode trazer dr\u00e1sticas consequ\u00eancias para as financeiras, mas principalmente para os trabalhadores\u201d, disse o secret\u00e1rio-geral da Confedera\u00e7\u00e3o Nacional dos Trabalhadores do Ramo Financeiro (Contraf-CUT), Gustavo Tabatinga, na abertura da reuni\u00e3o.<\/p>\n<p>O coordenador da COE das Financeiras, Jair Alves, tamb\u00e9m chamou a aten\u00e7\u00e3o para o contexto atual. \u201cNeste momento de pandemia, nossa prioridade \u00e9 evitar demiss\u00f5es, manter os direitos e impedir que as empresas se aproveitem da situa\u00e7\u00e3o para ampliar ainda mais seus lucros \u00e0 custa dos trabalhadores\u201d, disse o coordenador da Comiss\u00e3o, Jair Alves.<\/p>\n<h3>Debate das propostas<\/h3>\n<p>Ao final da reuni\u00e3o, Jair ressaltou a import\u00e2ncia do debate sobre as propostas levantadas pelas federa\u00e7\u00f5es e sindicatos em suas bases. \u201cAs propostas que tiramos aqui devem ser bem debatidas nas bases de cada uma das entidades para que a gente possa construir uma proposta bem representativa a ser encaminhada \u00e0 Fenacrefi (Federa\u00e7\u00e3o Interestadual das Institui\u00e7\u00f5es de Cr\u00e9dito, Financiamento e Investimento)\u201d, explicou. \u201cNossa meta \u00e9 a de que at\u00e9 a primeira quinzena de maio a gente tenha uma proposta a ser apresentada \u00e0 Fenacrefi\u201d, concluiu.<\/p>\n<p>Antes da apresenta\u00e7\u00e3o da proposta, a COE das Financeiras voltar\u00e1 a se reunir. A data da pr\u00f3xima reuni\u00e3o, que ainda n\u00e3o foi definida, ser\u00e1 comunicada \u00e0s federa\u00e7\u00f5es e sindicatos brevemente.<\/p>\n<p><strong>Fonte: Contraf-CUT<\/strong><\/p>\n<\/div>\n<\/div>\n","protected":false},"excerpt":{"rendered":"<p>A Comiss\u00e3o de Organiza\u00e7\u00e3o dos Empregados (COE) das Financeiras realizou uma reuni\u00e3o em videoconfer\u00eancia nesta sexta-feira (24) para definir as premissas da campanha salarial da categoria. A data-base dos financi\u00e1rios \u00e9 1\u00ba de junho. \u201cPrecisamos analisar com cuidado todas as vari\u00e1veis, tendo em vista a atual conjuntura deste tempo de pandemia, que pode trazer dr\u00e1sticas [&hellip;]<\/p>\n","protected":false},"author":2,"featured_media":8774,"comment_status":"","ping_status":"","sticky":false,"template":"","format":"standard","meta":{"footnotes":""},"categories":[3],"tags":[],"class_list":["post-8775","post","type-post","status-publish","format-standard","has-post-thumbnail","hentry","category-noticias"],"_links":{"self":[{"href":"https:\/\/hostnetart.com.br\/baixada\/wp-json\/wp\/v2\/posts\/8775","targetHints":{"allow":["GET"]}}],"collection":[{"href":"https:\/\/hostnetart.com.br\/baixada\/wp-json\/wp\/v2\/posts"}],"about":[{"href":"https:\/\/hostnetart.com.br\/baixada\/wp-json\/wp\/v2\/types\/post"}],"author":[{"embeddable":true,"href":"https:\/\/hostnetart.com.br\/baixada\/wp-json\/wp\/v2\/users\/2"}],"replies":[{"embeddable":true,"href":"https:\/\/hostnetart.com.br\/baixada\/wp-json\/wp\/v2\/comments?post=8775"}],"version-history":[{"count":0,"href":"https:\/\/hostnetart.com.br\/baixada\/wp-json\/wp\/v2\/posts\/8775\/revisions"}],"wp:featuredmedia":[{"embeddable":true,"href":"https:\/\/hostnetart.com.br\/baixada\/wp-json\/wp\/v2\/media\/8774"}],"wp:attachment":[{"href":"https:\/\/hostnetart.com.br\/baixada\/wp-json\/wp\/v2\/media?parent=8775"}],"wp:term":[{"taxonomy":"category","embeddable":true,"href":"https:\/\/hostnetart.com.br\/baixada\/wp-json\/wp\/v2\/categories?post=8775"},{"taxonomy":"post_tag","embeddable":true,"href":"https:\/\/hostnetart.com.br\/baixada\/wp-json\/wp\/v2\/tags?post=8775"}],"curies":[{"name":"wp","href":"https:\/\/api.w.org\/{rel}","templated":true}]}}