{"id":8773,"date":"2020-04-24T19:07:44","date_gmt":"2020-04-24T22:07:44","guid":{"rendered":"https:\/\/hostnetart.com.br\/baixada\/campanha-sindicato-solidario-e-lancada-nesta-sexta-24-pela-contraf-cut\/"},"modified":"2020-04-24T19:07:44","modified_gmt":"2020-04-24T22:07:44","slug":"campanha-sindicato-solidario-e-lancada-nesta-sexta-24-pela-contraf-cut","status":"publish","type":"post","link":"https:\/\/hostnetart.com.br\/baixada\/campanha-sindicato-solidario-e-lancada-nesta-sexta-24-pela-contraf-cut\/","title":{"rendered":"Campanha Sindicato Solid\u00e1rio \u00e9 lan\u00e7ada nesta sexta (24) pela Contraf-CUT"},"content":{"rendered":"<p>Com o objetivo de unir sindicatos, federa\u00e7\u00f5es e banc\u00e1rixs de todo o pa\u00eds em prol da humanidade, em torno de uma mobiliza\u00e7\u00e3o de ajudar a quem precisa, a Confedera\u00e7\u00e3o Nacional dos Trabalhadores do Ramo Financeiro (Contraf-CUT) lan\u00e7a, hoje (24), a campanha <a href=\"https:\/\/sindicatosolidario.com\/\">Sindicato Solid\u00e1rio.<\/a><\/p>\n<p>Um <a href=\"https:\/\/sindicatosolidario.com\/\">hotsite<\/a> concentrar\u00e1 v\u00eddeos e textos e outras pe\u00e7as publicit\u00e1rias de incentivo \u00e0 solidariedade e das a\u00e7\u00f5es e campanhas que j\u00e1 est\u00e3o em andamento em diversos sindicatos e federa\u00e7\u00f5es do pa\u00eds. A Contraf-CUT disponibilizar\u00e1 a lista das Associa\u00e7\u00f5es e\/ou ONG\u2019s indicadas pelos sindicatos para as contribui\u00e7\u00f5es solid\u00e1rias, com o locais e formas de arrecada\u00e7\u00e3o.<\/p>\n<p>\u201cEm meio a incertezas de grande parte do povo brasileiro diante da pandemia do coronav\u00edrus, estamos nos unindo nesta grande a\u00e7\u00e3o solid\u00e1ria para ajudar as pessoas mais necessitadas. Contamos com a sensibilidade de cada um, neste momento t\u00e3o fragilizado para muitas fam\u00edlias. Por isso, acreditamos que o Sindicato Solid\u00e1rio \u00e9 um passo de humanidade no caminho de um futuro melhor\u201d, ressaltou Juvandia Moreira, presidenta da Contraf-CUT.<\/p>\n<p>A ideia surgiu diante da<a href=\"https:\/\/contrafcut.com.br\/coronavirus\/\"> mais grave crise de todos os tempos<\/a>. E junto com ela, milhares de pessoas se encontram sem acesso \u00e0s necessidades b\u00e1sicas. \u201cSabemos que a arma mais poderosa para vencer essa guerra \u00e9 o isolamento social. Mas, todos n\u00f3s que estamos mantendo o distanciamento social, podemos ajudar a quem tanto necessita neste momento. E a vit\u00f3ria ser\u00e1 ainda maior se conseguirmos fazer com que esta sensibilidade para a solidariedade seja um legado que permane\u00e7a na sociedade\u201d, disse a presidenta da Contraf-CUT.<\/p>\n<p>Esta \u00e9 a hora de n\u00e3o sermos solit\u00e1rios, mas sim solid\u00e1rios!<br \/>Cada vida importa!<\/p>\n<p><strong>Fonte: Contraf-CUT<\/strong><\/p>\n","protected":false},"excerpt":{"rendered":"<p>Com o objetivo de unir sindicatos, federa\u00e7\u00f5es e banc\u00e1rixs de todo o pa\u00eds em prol da humanidade, em torno de uma mobiliza\u00e7\u00e3o de ajudar a quem precisa, a Confedera\u00e7\u00e3o Nacional dos Trabalhadores do Ramo Financeiro (Contraf-CUT) lan\u00e7a, hoje (24), a campanha Sindicato Solid\u00e1rio. Um hotsite concentrar\u00e1 v\u00eddeos e textos e outras pe\u00e7as publicit\u00e1rias de incentivo [&hellip;]<\/p>\n","protected":false},"author":2,"featured_media":8772,"comment_status":"","ping_status":"","sticky":false,"template":"","format":"standard","meta":{"footnotes":""},"categories":[3],"tags":[],"class_list":["post-8773","post","type-post","status-publish","format-standard","has-post-thumbnail","hentry","category-noticias"],"_links":{"self":[{"href":"https:\/\/hostnetart.com.br\/baixada\/wp-json\/wp\/v2\/posts\/8773","targetHints":{"allow":["GET"]}}],"collection":[{"href":"https:\/\/hostnetart.com.br\/baixada\/wp-json\/wp\/v2\/posts"}],"about":[{"href":"https:\/\/hostnetart.com.br\/baixada\/wp-json\/wp\/v2\/types\/post"}],"author":[{"embeddable":true,"href":"https:\/\/hostnetart.com.br\/baixada\/wp-json\/wp\/v2\/users\/2"}],"replies":[{"embeddable":true,"href":"https:\/\/hostnetart.com.br\/baixada\/wp-json\/wp\/v2\/comments?post=8773"}],"version-history":[{"count":0,"href":"https:\/\/hostnetart.com.br\/baixada\/wp-json\/wp\/v2\/posts\/8773\/revisions"}],"wp:featuredmedia":[{"embeddable":true,"href":"https:\/\/hostnetart.com.br\/baixada\/wp-json\/wp\/v2\/media\/8772"}],"wp:attachment":[{"href":"https:\/\/hostnetart.com.br\/baixada\/wp-json\/wp\/v2\/media?parent=8773"}],"wp:term":[{"taxonomy":"category","embeddable":true,"href":"https:\/\/hostnetart.com.br\/baixada\/wp-json\/wp\/v2\/categories?post=8773"},{"taxonomy":"post_tag","embeddable":true,"href":"https:\/\/hostnetart.com.br\/baixada\/wp-json\/wp\/v2\/tags?post=8773"}],"curies":[{"name":"wp","href":"https:\/\/api.w.org\/{rel}","templated":true}]}}