{"id":8771,"date":"2020-04-24T19:05:26","date_gmt":"2020-04-24T22:05:26","guid":{"rendered":"https:\/\/hostnetart.com.br\/baixada\/2-feira-27-tem-negociacao-com-o-santander-sobre-act-2020\/"},"modified":"2020-04-24T19:05:26","modified_gmt":"2020-04-24T22:05:26","slug":"2-feira-27-tem-negociacao-com-o-santander-sobre-act-2020","status":"publish","type":"post","link":"https:\/\/hostnetart.com.br\/baixada\/2-feira-27-tem-negociacao-com-o-santander-sobre-act-2020\/","title":{"rendered":"2\u00aa feira (27) tem negocia\u00e7\u00e3o com o Santander sobre ACT 2020"},"content":{"rendered":"<div class=\"elementor-element elementor-element-194680ec elementor-widget elementor-widget-theme-post-content\" data-id=\"194680ec\" data-element_type=\"widget\" data-widget_type=\"theme-post-content.default\">\n<div class=\"elementor-widget-container\">\n<p>A Comiss\u00e3o de Organiza\u00e7\u00e3o dos Empregados (COE) do Santander se re\u00fane por videoconfer\u00eancia com o banco na pr\u00f3xima segunda-feira (27) para dar <a href=\"https:\/\/contrafcut.com.br\/noticias\/santander-nao-atende-principal-reivindicacao\/\" target=\"_blank\" rel=\"noopener noreferrer\">continuidade \u00e0 negocia\u00e7\u00e3o<\/a> sobre o acordo aditivo (Acordos Coletivos de Trabalho \u2013 CCT) \u00e0 Conven\u00e7\u00e3o Coletiva de Trabalho (CCT) da categoria. A <a href=\"https:\/\/contrafcut.com.br\/wp-content\/uploads\/2020\/03\/minuta-de-reivindicacoes-act-2020.pdf?x94949\">minuta de reivindica\u00e7\u00f5es<\/a> foi entregue ao banco no dia 3 de mar\u00e7o.<\/p>\n<p>\u201cNossas reivindica\u00e7\u00f5es partem da manuten\u00e7\u00e3o dos direitos previstos no ACT em vig\u00eancia e buscam a inser\u00e7\u00e3o de cl\u00e1usulas novas, principalmente no sentido de garantia de emprego e do apoio \u00e0 forma\u00e7\u00e3o\u201d, explicou o secret\u00e1rio de Assuntos Socioecon\u00f4micos e representante da Confedera\u00e7\u00e3o Nacional dos Trabalhadores do Ramo Financeiro (Contraf-CUT) nas negocia\u00e7\u00f5es com o banco, Mario Raia. \u201cO banco teve um lucro de R$ 14,550 bilh\u00f5es em 2019 no Brasil, com crescimento de 17,4% em rela\u00e7\u00e3o a 2018. Tem totais condi\u00e7\u00f5es de atender todas as reivindica\u00e7\u00f5es\u201d, completou o dirigente, lembrando ainda que o lucro obtido no Brasil representou 28% do lucro global de 2019, que foi de \u20ac 8,252 bilh\u00f5es (com crescimento de 3% no ano).<\/p>\n<h3><strong>Novas reivindica\u00e7\u00f5es<\/strong><\/h3>\n<p>Al\u00e9m da renova\u00e7\u00e3o da \u00edntegra do atual acordo, os trabalhadores buscam a inser\u00e7\u00e3o de novas cl\u00e1usulas no ACT. Entre as novas cl\u00e1usulas, os representantes dos trabalhadores buscam a inser\u00e7\u00e3o de uma cl\u00e1usula que trata sobre o apoio \u00e0s banc\u00e1rias v\u00edtimas de viol\u00eancia.<\/p>\n<p>\u201cEm negocia\u00e7\u00e3o com o Comando Nacional dos Banc\u00e1rios, o banco aceitou criar uma central de atendimento \u00e0s mulheres v\u00edtimas de viol\u00eancia. Nossa reivindica\u00e7\u00e3o vai neste sentido\u201d, explicou o dirigente da Contraf-CUT.<\/p>\n<p>Os trabalhadores tamb\u00e9m reivindicam, entre outras cl\u00e1usulas, <a href=\"https:\/\/spbancarios.com.br\/03\/2020\/santander-queremos-tarifa-zero\" target=\"_blank\" rel=\"noopener noreferrer\">a isen\u00e7\u00e3o de tarifa<\/a> e a redistribui\u00e7\u00e3o da bolsa aux\u00edlio educa\u00e7\u00e3o, com inclus\u00e3o de mais vagas para p\u00f3s-gradua\u00e7\u00e3o e MBA.<\/p>\n<p>As reivindica\u00e7\u00f5es foram definidas em consulta realizada aos banc\u00e1rios durante os meses de janeiro e fevereiro.<\/p>\n<p><strong>Fonte: Contraf-CUT<\/strong><\/p>\n<\/div>\n<\/div>\n","protected":false},"excerpt":{"rendered":"<p>A Comiss\u00e3o de Organiza\u00e7\u00e3o dos Empregados (COE) do Santander se re\u00fane por videoconfer\u00eancia com o banco na pr\u00f3xima segunda-feira (27) para dar continuidade \u00e0 negocia\u00e7\u00e3o sobre o acordo aditivo (Acordos Coletivos de Trabalho \u2013 CCT) \u00e0 Conven\u00e7\u00e3o Coletiva de Trabalho (CCT) da categoria. A minuta de reivindica\u00e7\u00f5es foi entregue ao banco no dia 3 de [&hellip;]<\/p>\n","protected":false},"author":2,"featured_media":8770,"comment_status":"","ping_status":"","sticky":false,"template":"","format":"standard","meta":{"footnotes":""},"categories":[3],"tags":[],"class_list":["post-8771","post","type-post","status-publish","format-standard","has-post-thumbnail","hentry","category-noticias"],"_links":{"self":[{"href":"https:\/\/hostnetart.com.br\/baixada\/wp-json\/wp\/v2\/posts\/8771","targetHints":{"allow":["GET"]}}],"collection":[{"href":"https:\/\/hostnetart.com.br\/baixada\/wp-json\/wp\/v2\/posts"}],"about":[{"href":"https:\/\/hostnetart.com.br\/baixada\/wp-json\/wp\/v2\/types\/post"}],"author":[{"embeddable":true,"href":"https:\/\/hostnetart.com.br\/baixada\/wp-json\/wp\/v2\/users\/2"}],"replies":[{"embeddable":true,"href":"https:\/\/hostnetart.com.br\/baixada\/wp-json\/wp\/v2\/comments?post=8771"}],"version-history":[{"count":0,"href":"https:\/\/hostnetart.com.br\/baixada\/wp-json\/wp\/v2\/posts\/8771\/revisions"}],"wp:featuredmedia":[{"embeddable":true,"href":"https:\/\/hostnetart.com.br\/baixada\/wp-json\/wp\/v2\/media\/8770"}],"wp:attachment":[{"href":"https:\/\/hostnetart.com.br\/baixada\/wp-json\/wp\/v2\/media?parent=8771"}],"wp:term":[{"taxonomy":"category","embeddable":true,"href":"https:\/\/hostnetart.com.br\/baixada\/wp-json\/wp\/v2\/categories?post=8771"},{"taxonomy":"post_tag","embeddable":true,"href":"https:\/\/hostnetart.com.br\/baixada\/wp-json\/wp\/v2\/tags?post=8771"}],"curies":[{"name":"wp","href":"https:\/\/api.w.org\/{rel}","templated":true}]}}