{"id":8767,"date":"2020-04-24T13:45:47","date_gmt":"2020-04-24T16:45:47","guid":{"rendered":"https:\/\/hostnetart.com.br\/baixada\/comando-nacional-e-coe-negociam-regras-das-ferias-e-do-banco-de-horas-no-itau\/"},"modified":"2020-04-24T13:45:47","modified_gmt":"2020-04-24T16:45:47","slug":"comando-nacional-e-coe-negociam-regras-das-ferias-e-do-banco-de-horas-no-itau","status":"publish","type":"post","link":"https:\/\/hostnetart.com.br\/baixada\/comando-nacional-e-coe-negociam-regras-das-ferias-e-do-banco-de-horas-no-itau\/","title":{"rendered":"Comando Nacional e COE negociam regras das f\u00e9rias e do banco de horas no Ita\u00fa"},"content":{"rendered":"<div class=\"elementor-element elementor-element-194680ec elementor-widget elementor-widget-theme-post-content\" data-id=\"194680ec\" data-element_type=\"widget\" data-widget_type=\"theme-post-content.default\">\n<div class=\"elementor-widget-container\">\n<p>A coordena\u00e7\u00e3o do Comando Nacional dos Banc\u00e1rios e a Comiss\u00e3o de Organiza\u00e7\u00e3o dos Empregados (COE) do Ita\u00fa voltaram a se reunir por videoconfer\u00eancia com o banco, nesta quinta-feira (23), para negociar o banco de horas dos funcion\u00e1rios que est\u00e3o afastados do local de trabalho sem realizar o home office, incluindo aqueles que fazem parte dos grupos de risco, e dos que est\u00e3o em esquema de rod\u00edzio.<\/p>\n<p><a href=\"https:\/\/contrafcut.com.br\/noticias\/comando-e-coe-debatem-sobre-ferias-e-banco-de-horas-com-o-itau\/\" target=\"_blank\" rel=\"noopener noreferrer\">No primeiro encontro, na segunda-feira (20)<\/a>, o Ita\u00fa informou que existem atualmente 45 mil funcion\u00e1rios trabalhando em casa (home office) e 7 mil est\u00e3o afastados sem atividade de home office. Isso representa 64% dos 81.691 empregados da holding, segundo dados do balan\u00e7o social do banco de 2019. Al\u00e9m desses, outros 20 mil trabalham em esquema de rod\u00edzio.<\/p>\n<p>O banco atendeu a reivindica\u00e7\u00e3o dos representantes dos trabalhadores e ir\u00e1 dar um b\u00f4nus de desconto de 10% em cima do total de banco de horas de cada trabalhador. N\u00e3o entrar\u00e1 s\u00e1bado, domingo e feriado.<\/p>\n<p>Al\u00e9m disso, o banco de horas come\u00e7a a contar a partir do dia 1 de maio, ap\u00f3s assembleia a ser realizada pelos sindicatos digitalmente. Com isso, ser\u00e3o abonados todos os dias que os trabalhadores ficaram em casa, desde o come\u00e7o da pandemia, at\u00e9 o dia 1\/5, cerca de um m\u00eas e meio. Outra conquista importante da negocia\u00e7\u00e3o.<\/p>\n<p>Em caso de demiss\u00e3o sem justa causa, o banco de horas n\u00e3o ser\u00e1 descontado do valor que o trabalhador tiver a receber. Outra conquista \u00e9 que as horas trabalhadas aos s\u00e1bados, domingos, feriados e horas noturna ser\u00e3o pagas como horas extras.<\/p>\n<p>Outra conquista do movimento sindical \u00e9 que os funcion\u00e1rios de seis horas poder\u00e3o ter 30 minutos de intervalo e n\u00e3o apenas 15. Al\u00e9m da possibilidade de caixas e gerentes atuarem na Central de Atendimento por 6 horas. Nesses casos, quem \u00e9 de 8 horas trabalha s\u00f3 seis e n\u00e3o fica com horas em d\u00e9bito. O banco fornecer\u00e1 treinamento e equipamento para o trabalho em home office.<\/p>\n<h3>Pend\u00eancias<\/h3>\n<p>Os representantes dos trabalhadores reivindicam ainda que o prazo de compensa\u00e7\u00e3o do banco de horas seja de um ano e n\u00e3o 18 meses, como o Ita\u00fa havia sugerido inicialmente. O banco ficou de responder \u00e0 COE sobre essa demanda. J\u00e1 est\u00e1 definido que, no fim do prazo de compensa\u00e7\u00e3o, o banco n\u00e3o cobrar\u00e1 as horas que sobrarem.<\/p>\n<p>A representa\u00e7\u00e3o dos trabalhadores tamb\u00e9m cobrou novamente que o Ita\u00fa inclua as lactantes e m\u00e3es com filhos at\u00e9 dois anos no grupo de risco.<\/p>\n<p>Os trabalhadores tamb\u00e9m cobraram que o Ita\u00fa disponibilize testes para todos os banc\u00e1rios, principalmente para aqueles que est\u00e3o voltando do rod\u00edzio. \u201cN\u00f3s j\u00e1 apresentamos nossas reivindica\u00e7\u00f5es ao banco e estamos aguardando o retorno delas para colocar a proposta em vota\u00e7\u00e3o para todos os trabalhadores\u201d, afirmou Jair Alves, coordenador da COE Ita\u00fa.<\/p>\n<p><strong>Fonte: Contraf-CUT<\/strong><\/p>\n<\/div>\n<\/div>\n","protected":false},"excerpt":{"rendered":"<p>A coordena\u00e7\u00e3o do Comando Nacional dos Banc\u00e1rios e a Comiss\u00e3o de Organiza\u00e7\u00e3o dos Empregados (COE) do Ita\u00fa voltaram a se reunir por videoconfer\u00eancia com o banco, nesta quinta-feira (23), para negociar o banco de horas dos funcion\u00e1rios que est\u00e3o afastados do local de trabalho sem realizar o home office, incluindo aqueles que fazem parte dos [&hellip;]<\/p>\n","protected":false},"author":2,"featured_media":8766,"comment_status":"","ping_status":"","sticky":false,"template":"","format":"standard","meta":{"footnotes":""},"categories":[3],"tags":[],"class_list":["post-8767","post","type-post","status-publish","format-standard","has-post-thumbnail","hentry","category-noticias"],"_links":{"self":[{"href":"https:\/\/hostnetart.com.br\/baixada\/wp-json\/wp\/v2\/posts\/8767","targetHints":{"allow":["GET"]}}],"collection":[{"href":"https:\/\/hostnetart.com.br\/baixada\/wp-json\/wp\/v2\/posts"}],"about":[{"href":"https:\/\/hostnetart.com.br\/baixada\/wp-json\/wp\/v2\/types\/post"}],"author":[{"embeddable":true,"href":"https:\/\/hostnetart.com.br\/baixada\/wp-json\/wp\/v2\/users\/2"}],"replies":[{"embeddable":true,"href":"https:\/\/hostnetart.com.br\/baixada\/wp-json\/wp\/v2\/comments?post=8767"}],"version-history":[{"count":0,"href":"https:\/\/hostnetart.com.br\/baixada\/wp-json\/wp\/v2\/posts\/8767\/revisions"}],"wp:featuredmedia":[{"embeddable":true,"href":"https:\/\/hostnetart.com.br\/baixada\/wp-json\/wp\/v2\/media\/8766"}],"wp:attachment":[{"href":"https:\/\/hostnetart.com.br\/baixada\/wp-json\/wp\/v2\/media?parent=8767"}],"wp:term":[{"taxonomy":"category","embeddable":true,"href":"https:\/\/hostnetart.com.br\/baixada\/wp-json\/wp\/v2\/categories?post=8767"},{"taxonomy":"post_tag","embeddable":true,"href":"https:\/\/hostnetart.com.br\/baixada\/wp-json\/wp\/v2\/tags?post=8767"}],"curies":[{"name":"wp","href":"https:\/\/api.w.org\/{rel}","templated":true}]}}