{"id":8761,"date":"2020-04-23T03:48:31","date_gmt":"2020-04-23T06:48:31","guid":{"rendered":"https:\/\/hostnetart.com.br\/baixada\/caixa-faz-pressao-para-retorno-voluntario-de-empregados-ao-trabalho\/"},"modified":"2020-04-23T03:48:31","modified_gmt":"2020-04-23T06:48:31","slug":"caixa-faz-pressao-para-retorno-voluntario-de-empregados-ao-trabalho","status":"publish","type":"post","link":"https:\/\/hostnetart.com.br\/baixada\/caixa-faz-pressao-para-retorno-voluntario-de-empregados-ao-trabalho\/","title":{"rendered":"Caixa faz press\u00e3o para retorno \u201cvolunt\u00e1rio\u201d de empregados ao trabalho"},"content":{"rendered":"<div class=\"elementor-element elementor-element-194680ec elementor-widget elementor-widget-theme-post-content\" data-id=\"194680ec\" data-element_type=\"widget\" data-widget_type=\"theme-post-content.default\">\n<div class=\"elementor-widget-container\">\n<p>Durante a transmiss\u00e3o de entrevista ao vivo nesta quarta-feira (22), a presidenta da Confedera\u00e7\u00e3o Nacional dos Trabalhadores do Ramo Financeiro (Contraf-CUT), Juvandia Moreira, disse que empregados dos Centros Administrativos da Caixa est\u00e3o sendo chamando pra retornar ao trabalho. O banco est\u00e1 alegando que se trata de retorno volunt\u00e1rio.<\/p>\n<p>\u201cMandamos <a href=\"https:\/\/contrafcut.com.br\/of-06220-solicitacao-de-agendamento-de-reuniao-com-a-fenaban-caixa-e-governo-federal\/\" target=\"_blank\" rel=\"noopener noreferrer\">of\u00edcio para a Fenaban<\/a> (Federa\u00e7\u00e3o Nacional dos Bancos) pedindo negocia\u00e7\u00e3o para discutir o tema. N\u00f3s n\u00e3o concordamos que a Caixa chame os empregados para retornar ao trabalho. Assim, como foi feito quando eles foram colocados em home office, o retorno tamb\u00e9m tem que ser negociado com o Comando. N\u00e3o existe retorno volunt\u00e1rio\u201d, disse a presidenta Contraf-CUT, que \u00e9 uma das coordenadoras do Comando Nacional dos Banc\u00e1rios. \u201cQuem ser\u00e1 respons\u00e1vel se aumentar o cont\u00e1gio ou \u00f3bitos de banc\u00e1rios? Orientamos os empregados e empregadas a n\u00e3o retornarem\u201d, completou Juvandia.<\/p>\n<h3>Longas filas<\/h3>\n<p>Para o coordenador da Comiss\u00e3o Executiva dos Empregados (CEE) da Caixa, Dion\u00edsio Reis, o problema das longas filas nas ag\u00eancias da Caixa, com aglomera\u00e7\u00f5es e at\u00e9 tumultos, \u00e9 culpa do governo, que centralizou todo o cadastramento na Caixa.<\/p>\n<p> O coordenador da Comiss\u00e3o Executiva dos Empregados (CEE) da Caixa, Dion\u00edsio Reis, observa que existem milh\u00f5es de pessoas que n\u00e3o t\u00eam acesso a celular; internet e TV, nem s\u00e3o bancarizadas. \u201cIsso torna imposs\u00edvel de elas se cadastrarem da forma proposta. O banco tamb\u00e9m tem culpa, pois criou um canal de atendimento que n\u00e3o funciona e o 0800 tampouco d\u00e1 conta. S\u00e3o filas de espera enormes, da\u00ed que as pessoas acabam indo pras ag\u00eancias\u201d, criticou. \u201cEnquanto isso, aumenta o n\u00famero de mortes em todos os estados. N\u00e3o podemos permitir que continue as aglomera\u00e7\u00f5es. A necessidade de isolamento social permanece\u201d, disse.<\/p>\n<p>Para a presidenta da Contraf-CUT, \u00e9 fundamental que se tenha uma campanha massiva na imprensa dando ampla divulga\u00e7\u00e3o das informa\u00e7\u00f5es sobre o benef\u00edcio, bem como divulgar a central de atendimento 111, sobre o aux\u00edlio emergencial, que deve funcionar efetivamente. \u201cEstamos propondo \u00e0 Caixa e \u00e0 Fenaban que chame o governo para a reuni\u00e3o. Vamos cobrar a descentraliza\u00e7\u00e3o do atendimento, que sejam feitas parceria com os munic\u00edpios para que estes disponibilizem as estruturas dos Centros de Refer\u00eancia de Assist\u00eancia Social (CRAS) para fazer o cadastramento de quem n\u00e3o consegue faz\u00ea-lo; e que todo o Sistema Financeiro se envolva nessa opera\u00e7\u00e3o, pois quem tem fome tem pressa,\u201d afirmou Juvandia.<\/p>\n<p>\u201cOutro grande problema, que j\u00e1 apontamos anteriormente, \u00e9 a exig\u00eancia de celular pra cadastrar as pessoas, sendo que h\u00e1 um grande numero de brasileiros sem acesso \u00e0 internet, nem a celular e que necessitam do aux\u00edlio. Para que, por exemplo a popula\u00e7\u00e3o em situa\u00e7\u00e3o de rua consiga acessar o benef\u00edcio \u00e9 necess\u00e1rio que haja outra alternativa\u201d, completou.<\/p>\n<p><strong>Fonte: Contraf-CUT<\/strong><\/p>\n<\/div>\n<\/div>\n","protected":false},"excerpt":{"rendered":"<p>Durante a transmiss\u00e3o de entrevista ao vivo nesta quarta-feira (22), a presidenta da Confedera\u00e7\u00e3o Nacional dos Trabalhadores do Ramo Financeiro (Contraf-CUT), Juvandia Moreira, disse que empregados dos Centros Administrativos da Caixa est\u00e3o sendo chamando pra retornar ao trabalho. O banco est\u00e1 alegando que se trata de retorno volunt\u00e1rio. \u201cMandamos of\u00edcio para a Fenaban (Federa\u00e7\u00e3o Nacional [&hellip;]<\/p>\n","protected":false},"author":2,"featured_media":8760,"comment_status":"","ping_status":"","sticky":false,"template":"","format":"standard","meta":{"footnotes":""},"categories":[3],"tags":[],"class_list":["post-8761","post","type-post","status-publish","format-standard","has-post-thumbnail","hentry","category-noticias"],"_links":{"self":[{"href":"https:\/\/hostnetart.com.br\/baixada\/wp-json\/wp\/v2\/posts\/8761","targetHints":{"allow":["GET"]}}],"collection":[{"href":"https:\/\/hostnetart.com.br\/baixada\/wp-json\/wp\/v2\/posts"}],"about":[{"href":"https:\/\/hostnetart.com.br\/baixada\/wp-json\/wp\/v2\/types\/post"}],"author":[{"embeddable":true,"href":"https:\/\/hostnetart.com.br\/baixada\/wp-json\/wp\/v2\/users\/2"}],"replies":[{"embeddable":true,"href":"https:\/\/hostnetart.com.br\/baixada\/wp-json\/wp\/v2\/comments?post=8761"}],"version-history":[{"count":0,"href":"https:\/\/hostnetart.com.br\/baixada\/wp-json\/wp\/v2\/posts\/8761\/revisions"}],"wp:featuredmedia":[{"embeddable":true,"href":"https:\/\/hostnetart.com.br\/baixada\/wp-json\/wp\/v2\/media\/8760"}],"wp:attachment":[{"href":"https:\/\/hostnetart.com.br\/baixada\/wp-json\/wp\/v2\/media?parent=8761"}],"wp:term":[{"taxonomy":"category","embeddable":true,"href":"https:\/\/hostnetart.com.br\/baixada\/wp-json\/wp\/v2\/categories?post=8761"},{"taxonomy":"post_tag","embeddable":true,"href":"https:\/\/hostnetart.com.br\/baixada\/wp-json\/wp\/v2\/tags?post=8761"}],"curies":[{"name":"wp","href":"https:\/\/api.w.org\/{rel}","templated":true}]}}