{"id":8757,"date":"2020-04-22T03:48:08","date_gmt":"2020-04-22T06:48:08","guid":{"rendered":"https:\/\/hostnetart.com.br\/baixada\/brasil-chega-a-2-741-obitos-mortes-notificadas-por-covid-19-e-passa-de-43-mil-casos\/"},"modified":"2020-04-22T03:48:08","modified_gmt":"2020-04-22T06:48:08","slug":"brasil-chega-a-2-741-obitos-mortes-notificadas-por-covid-19-e-passa-de-43-mil-casos","status":"publish","type":"post","link":"https:\/\/hostnetart.com.br\/baixada\/brasil-chega-a-2-741-obitos-mortes-notificadas-por-covid-19-e-passa-de-43-mil-casos\/","title":{"rendered":"Brasil chega a 2.741 \u00f3bitos mortes notificadas por covid-19. E passa de 43 mil casos"},"content":{"rendered":"<p>O n\u00famero de mortes notificadas por causa da covid-19 chegou Brasil a 2.741. J\u00e1 s\u00e3o, oficialmente, 43.079 os casos de contamina\u00e7\u00e3o por coronav\u00edrus, segundo balan\u00e7o divulgado neste feriado de 21 de abril pelo Minist\u00e9rio da Sa\u00fade.<\/p>\n<p>Em um dia, houve 166 novos \u00f3bitos por causa da pandemia, e registros de 2.498 novos casos. A taxa de letalidade \u00e9 de 6,4%.<\/p>\n<p>S\u00e3o Paulo j\u00e1 registrou 1.093 mortes e 15.385 infectados pela <a href=\"https:\/\/www.redebrasilatual.com.br\/saude-e-ciencia\/tag\/coronavirus\" target=\"_blank\" rel=\"noopener noreferrer\">covid-19<\/a>; o crescimento do alcance da pandemia \u00e9 de 200% em duas semanas. Com 753 mortes, a capital concentra mais de duas a cada tr\u00eas mortes no estado, e 10.342 pessoas com a covid-19. Doze dos \u00f3bitos da capital <a href=\"https:\/\/www.redebrasilatual.com.br\/saude-e-ciencia\/2020\/04\/brasil-corre-risco-de-ficar-sem-equipes-de-saude-alerta-especialista\/\" target=\"_blank\" rel=\"noopener noreferrer\">s\u00e3o de profissionais de sa\u00fade<\/a>.<\/p>\n<p>Pernambuco \u00e9 o terceiro estado com mais mortes, com 260 \u00f3bitos e 2.908 casos de contamina\u00e7\u00e3o. O Cear\u00e1 tem 215 mortes decorrentes dos 3.716 infectados.<\/p>\n<h2>No mundo<\/h2>\n<p>O impacto global da pandemia elevou os casos de coronav\u00edrus para 2.516.339 neste 21 de abril. O n\u00famero de mortes, 173.895, corresponde a uma taxa de letalidade de 6,9%. Os Estados Unidos lideram, concentram 790 mil casos e 43 mil mortes. A Espanha tem 21,282 mortes e 204 mil casos.<\/p>\n<p><strong>Fonte: Rede Brasil Atual<\/strong><\/p>\n","protected":false},"excerpt":{"rendered":"<p>O n\u00famero de mortes notificadas por causa da covid-19 chegou Brasil a 2.741. J\u00e1 s\u00e3o, oficialmente, 43.079 os casos de contamina\u00e7\u00e3o por coronav\u00edrus, segundo balan\u00e7o divulgado neste feriado de 21 de abril pelo Minist\u00e9rio da Sa\u00fade. Em um dia, houve 166 novos \u00f3bitos por causa da pandemia, e registros de 2.498 novos casos. A taxa [&hellip;]<\/p>\n","protected":false},"author":2,"featured_media":8756,"comment_status":"","ping_status":"","sticky":false,"template":"","format":"standard","meta":{"footnotes":""},"categories":[3],"tags":[],"class_list":["post-8757","post","type-post","status-publish","format-standard","has-post-thumbnail","hentry","category-noticias"],"_links":{"self":[{"href":"https:\/\/hostnetart.com.br\/baixada\/wp-json\/wp\/v2\/posts\/8757","targetHints":{"allow":["GET"]}}],"collection":[{"href":"https:\/\/hostnetart.com.br\/baixada\/wp-json\/wp\/v2\/posts"}],"about":[{"href":"https:\/\/hostnetart.com.br\/baixada\/wp-json\/wp\/v2\/types\/post"}],"author":[{"embeddable":true,"href":"https:\/\/hostnetart.com.br\/baixada\/wp-json\/wp\/v2\/users\/2"}],"replies":[{"embeddable":true,"href":"https:\/\/hostnetart.com.br\/baixada\/wp-json\/wp\/v2\/comments?post=8757"}],"version-history":[{"count":0,"href":"https:\/\/hostnetart.com.br\/baixada\/wp-json\/wp\/v2\/posts\/8757\/revisions"}],"wp:featuredmedia":[{"embeddable":true,"href":"https:\/\/hostnetart.com.br\/baixada\/wp-json\/wp\/v2\/media\/8756"}],"wp:attachment":[{"href":"https:\/\/hostnetart.com.br\/baixada\/wp-json\/wp\/v2\/media?parent=8757"}],"wp:term":[{"taxonomy":"category","embeddable":true,"href":"https:\/\/hostnetart.com.br\/baixada\/wp-json\/wp\/v2\/categories?post=8757"},{"taxonomy":"post_tag","embeddable":true,"href":"https:\/\/hostnetart.com.br\/baixada\/wp-json\/wp\/v2\/tags?post=8757"}],"curies":[{"name":"wp","href":"https:\/\/api.w.org\/{rel}","templated":true}]}}