{"id":8755,"date":"2020-04-22T03:45:52","date_gmt":"2020-04-22T06:45:52","guid":{"rendered":"https:\/\/hostnetart.com.br\/baixada\/covid-19-nao-torna-homens-agressivos-a-violencia-vem-do-machismo-historico\/"},"modified":"2020-04-22T03:45:52","modified_gmt":"2020-04-22T06:45:52","slug":"covid-19-nao-torna-homens-agressivos-a-violencia-vem-do-machismo-historico","status":"publish","type":"post","link":"https:\/\/hostnetart.com.br\/baixada\/covid-19-nao-torna-homens-agressivos-a-violencia-vem-do-machismo-historico\/","title":{"rendered":"Covid-19 n\u00e3o torna homens agressivos. A viol\u00eancia vem do machismo hist\u00f3rico"},"content":{"rendered":"<p>Na semana passada, a liga\u00e7\u00e3o de uma aluna para relatar um caso de <a href=\"https:\/\/www.redebrasilatual.com.br\/tag\/violencia-domestica\/\" target=\"_blank\" rel=\"noopener noreferrer\">viol\u00eancia dom\u00e9stica<\/a> chamou a aten\u00e7\u00e3o da professora e pesquisadora Ana Fl\u00e1via Pires Lucas d\u2019Oliveira. Pelo telefone, a estudante descrevia a hist\u00f3ria de uma empregada dom\u00e9stica, conhecida de sua fam\u00edlia, que estava confinada em casa com o marido, um sujeito com hist\u00f3rico de comportamento abusivo, mas que agora, na <a href=\"https:\/\/www.redebrasilatual.com.br\/politica\/2020\/04\/quarentena-sao-paulo-prorrogada\/\" target=\"_blank\" rel=\"noopener noreferrer\">quarentena<\/a>, passara a ficar ainda mais violento, andando pela casa com uma faca e amea\u00e7ando a mulher de morte.\u00a0<\/p>\n<p>A mulher, no entanto, encontrava-se presa \u00e0 situa\u00e7\u00e3o. De um lado impossibilitada de ligar para algu\u00e9m pela constante presen\u00e7a do marido, que limitava a comunica\u00e7\u00e3o ao uso do <em>Whatsapp<\/em>, por onde passava mensagens com dificuldades por n\u00e3o ter dom\u00ednio da escrita e da leitura. E, por outro lado, das pr\u00f3prias <a href=\"https:\/\/www.redebrasilatual.com.br\/saude-e-ciencia\/2020\/04\/quando-vejo-isolamento-social-cair-meu-coracao-fecha\/\" target=\"_blank\" rel=\"noopener noreferrer\">pol\u00edticas de isolamento<\/a>, adotadas para conter o cont\u00e1gio do novo <a href=\"https:\/\/www.redebrasilatual.com.br\/tag\/coronavirus\/\" target=\"_blank\" rel=\"noopener noreferrer\">coronav\u00edrus<\/a>.\u00a0<\/p>\n<p>Um \u201cretrato da viol\u00eancia contra a mulher na epidemia\u201d, como sintetiza Ana Fl\u00e1via, a especialista em viol\u00eancia de g\u00eanero e servi\u00e7os de sa\u00fade da mulher, E tamb\u00e9m docente do Departamento de Medicina Preventiva da Faculdade de Medicina da Universidade de S\u00e3o Paulo (USP).\u00a0<\/p>\n<p>\u201cS\u00e3o mulheres em casa, suportando rela\u00e7\u00f5es que j\u00e1 eram violentas antes e agora com mais dificuldade, porque elas est\u00e3o com medo de se locomover. Ningu\u00e9m quer ir ao um posto de sa\u00fade ou um local com aglomera\u00e7\u00e3o sem necessidade. E os agressores, estando em casa, torna a vida da v\u00edtima ainda mais dif\u00edcil\u201d, explica Ana Fl\u00e1via.<\/p>\n<h2>Perigo hist\u00f3rico<\/h2>\n<p>Os primeiros \u00edndices de viol\u00eancia contra a mulher neste m\u00eas de mar\u00e7o \u2013 quando foram estabelecidas medidas de quarentena \u2013\u00a0sugerem um reflexo desse agravamento. No estado de S\u00e3o Paulo, por exemplo, o Minist\u00e9rio P\u00fablico identificou um <a href=\"https:\/\/www.redebrasilatual.com.br\/cidadania\/2020\/04\/violencia-contra-mulher-quarentena\/\" target=\"_blank\" rel=\"noopener noreferrer\">aumento de 51,4% nas pris\u00f5es em flagrantes<\/a> \u2013 um total de 268 contra 177 em fevereiro deste ano.\u00a0<\/p>\n<p>Tamb\u00e9m houve alta no n\u00famero de pedidos urgentes de prote\u00e7\u00e3o \u00e0s v\u00edtimas da viol\u00eancia de g\u00eanero, que saltaram para 2.500 medidas em mar\u00e7o, ante 1.934 no m\u00eas anterior. Um outro levantamento, do <a href=\"https:\/\/www.redebrasilatual.com.br\/cidadania\/2020\/04\/coronavirus-violencia-contra-mulher\/\" target=\"_blank\" rel=\"noopener noreferrer\">F\u00f3rum Brasileiro de Seguran\u00e7a P\u00fablica<\/a>, identificou para o mesmo per\u00edodo aumento de feminic\u00eddio tamb\u00e9m no Rio Grande do Norte, Acre e Mato Grosso, alertando que o lugar mais perigoso \u00e9 a pr\u00f3pria casa.\u00a0<\/p>\n<p>As mulheres est\u00e3o, de fato, <a href=\"https:\/\/www.redebrasilatual.com.br\/cidadania\/2020\/03\/impacto-coronavirus-maior-mulheres\/\" target=\"_blank\" rel=\"noopener noreferrer\">mais vulner\u00e1veis<\/a> diante da pandemia do coronav\u00edrus. Mas isso n\u00e3o significa um fen\u00f4meno recente em fun\u00e7\u00e3o das medidas de quarentena, ao contr\u00e1rio.<\/p>\n<p>A<strong> RBA<\/strong> consultou especialistas que atuam diretamente com as v\u00edtimas e os agressores, e todos foram un\u00e2nimes ao assegurar que o isolamento, ou a conviv\u00eancia domiciliar, n\u00e3o s\u00e3o a causa dessa viol\u00eancia.\u00a0<\/p>\n<p>H\u00e1 pelo menos tr\u00eas anos os registros de <a href=\"https:\/\/www.redebrasilatual.com.br\/cidadania\/2020\/03\/vitimas-feminicidio-violencia-domestica\/\" target=\"_blank\" rel=\"noopener noreferrer\">assassinatos de mulheres pelos companheiros<\/a> crescem no Brasil por exemplo, de acordo com o F\u00f3rum Brasileiro de Seguran\u00e7a P\u00fablica. E a raz\u00e3o por tr\u00e1s disso \u00e9, antes de tudo, hist\u00f3rica. \u201cTem a ver com a nossa cultura machista de ser um pa\u00eds patriarcal\u201d, destaca a pesquisadora da USP.\u00a0<\/p>\n<h3>Tens\u00e3o ambiental\u00a0e fragilidade<\/h3>\n<p>Os dados sobre a viol\u00eancia, no entanto, ainda s\u00e3o preliminares, como analisa Ana Fl\u00e1via. \u201cTemos ainda pouco tempo de observa\u00e7\u00e3o. N\u00e3o que eu duvide que a viol\u00eancia aumentou. Temos toda a l\u00f3gica para imaginar que ela tenha crescido, porque os fatores de risco aumentaram\u201d, pondera, chamando aten\u00e7\u00e3o para o primeiro deles, a crise econ\u00f4mica, associada \u00e0 <a href=\"https:\/\/www.redebrasilatual.com.br\/cidadania\/2020\/04\/renda-basica-permanente-e-universal-no-pos-coronavirus\/\" target=\"_blank\" rel=\"noopener noreferrer\">diminui\u00e7\u00e3o da renda e ao desemprego<\/a>. \u201cPorque o homem tem essa expectativa dele, e dos outros, de ser o provedor da casa\u201d, justifica.\u00a0<\/p>\n<p>Al\u00e9m do estresse sobre as quest\u00f5es financeiras, a recomenda\u00e7\u00e3o \u201cfique em casa\u201d tamb\u00e9m cria outra tens\u00e3o sobre o ambiental familiar, em muitos casos divididos tamb\u00e9m com filhos, j\u00e1 que as <a href=\"https:\/\/www.redebrasilatual.com.br\/cidadania\/2020\/03\/senado-coronavirus-merenda-escolar-escolas-publicas\/\" target=\"_blank\" rel=\"noopener noreferrer\">escolas est\u00e3o fechadas<\/a>. O trabalho dom\u00e9stico da mulher, portanto, aumenta, mas, sob o efeito da \u201ccultura machista\u201d, que normaliza as desigualdades de g\u00eanero, \u201cos homens se sentem inferiorizados por estarem confinados no espa\u00e7o dom\u00e9stico e por terem de dividir as tarefas de casa\u201d, acrescenta a professora.\u00a0<\/p>\n<p>Outros tr\u00eas fatores de risco, j\u00e1 verificado pelos pesquisadores, \u00e9 quanto ao <a href=\"https:\/\/g1.globo.com\/bemestar\/coronavirus\/noticia\/2020\/04\/15\/oms-pede-a-governos-que-limitem-acesso-a-bebidas-alcoolicas-durante-pandemia-de-novo-coronavirus.ghtml\" target=\"_blank\" rel=\"noopener noreferrer\">uso cont\u00ednuo e maior de \u00e1lcool<\/a>, que tamb\u00e9m acarreta aumento da viol\u00eancia dom\u00e9stica, \u00e0 falta de cuidados com o suprimento e a contracep\u00e7\u00e3o relacionadas \u00e0 reprodu\u00e7\u00e3o e sexualidade e o pr\u00f3prio estresse sobre a morte que a covid-19 traz para todo mundo.\u00a0<\/p>\n<p>\u201c\u00c9 a fragilidade. \u00c9 muito dif\u00edcil para os homens lidarem com a fragilidade e a vulnerabilidade que todos n\u00f3s temos. Muitas vezes a rea\u00e7\u00e3o da masculinidade ao medo, \u00e0 inseguran\u00e7a e \u00e0 impot\u00eancia \u00e9 a viol\u00eancia. \u00c9 assim que a nossa sociedade constr\u00f3i a masculinidade\u201d, aponta Ana Fl\u00e1via.\u00a0<\/p>\n<h3><strong>O cl\u00e1ssico: meninos n\u00e3o devem chorar\u00a0<\/strong><\/h3>\n<p>O mestre em Direito e pesquisador Ivan Augusto Baraldi tamb\u00e9m concorda que n\u00e3o h\u00e1 uma resposta \u00fanica ou simples para entender os porqu\u00eas da viol\u00eancia dos homens contra as mulheres, principalmente neste momento em que ele sai de seu <a href=\"https:\/\/www.redebrasilatual.com.br\/cidadania\/2020\/02\/impeachment-dilma-machismo\/\" target=\"_blank\" rel=\"noopener noreferrer\">lugar \u201cmais tradicional\u201d, o espa\u00e7o p\u00fablico<\/a>, para ficar no ambiente privado, o da casa.\u00a0<\/p>\n<p>Mas \u00e9 certo \u00e9 que essa resposta agressiva est\u00e1 diretamente relacionada ao \u201cmodelo tradicional de masculinidade, em que o homem acha que deve se encaixar no papel do que n\u00e3o pode expor seus sentimentos, aquele cl\u00e1ssico: \u2018meninos n\u00e3o devem chorar&#8217;\u201d, compara o pesquisador. \u201cExpor sentimentos e a afetividade seriam sinais de fraqueza\u201d.\u00a0<\/p>\n<p>Todo esse contexto n\u00e3o retira do homem, contudo, sua <a href=\"https:\/\/www.cartacapital.com.br\/opiniao\/a-masculinidade-toxica-deriva-do-medo-que-vira-odio-e-violencia\/\" target=\"_blank\" rel=\"noopener noreferrer\">responsabilidade na agress\u00e3o de g\u00eanero<\/a>. Atuando h\u00e1 mais de um ano como facilitador de um grupo reflexivo para homens autuados na Lei Maria da Penha, da ONG Coletivo Feminista Sexualidade e Sa\u00fade, na capital paulista, Ivan destaca que o desafio \u00e9 fazer com que esses homens tenham repert\u00f3rios e respostas diferentes diante dessa vulnerabilidade pr\u00f3pria do ser humano.\u00a0<\/p>\n<p>\u201cA aposta maior, do porqu\u00ea os homens s\u00e3o mais violentos e do porqu\u00ea o que vem \u00e0 tona s\u00e3o homens que batem em mulheres, e n\u00e3o o contr\u00e1rio, \u00e9 por achar que elas t\u00eam de ser submissas, devem satisfa\u00e7\u00e3o. O homem se sente autorizado a usar dessa viol\u00eancia se achar necess\u00e1rio\u201d, lembra o pesquisador.\u00a0<\/p>\n<p>O trabalho do grupo reflexivo do coletivo, que ocorre h\u00e1 mais de 10 anos \u00e0 luz da principal lei para coibir a viol\u00eancia de g\u00eanero, tenta anular esse papel. S\u00e3o homens comuns, de todo\u00a0o perfil, que enquadrados legalmente como agressores, n\u00e3o necessariamente culpados, participam ao todo de 16 encontros, durante quatro meses, para que entendam a gravidade do crime que cometeram e n\u00e3o voltem a praticar uma nova agress\u00e3o.<\/p>\n<h2><strong>\u201cJo\u00e3o\u201d da Penha?\u00a0<\/strong><\/h2>\n<p>Ivan conta, no entanto, que de t\u00e3o enraizada que \u00e9 a <a href=\"https:\/\/www.redebrasilatual.com.br\/saude-e-ciencia\/2019\/11\/o-reflexo-do-machismo-na-saude-da-mulher-e-o-que-a-faz-achar-que-seu-corpo-e-sujo\/\" target=\"_blank\" rel=\"noopener noreferrer\">cultura machista e patriarcal<\/a> \u2013 apesar das conquistas feministas nos \u00faltimos anos pela igualdade \u2013, os homens chegam ao grupo ainda muito reativos, se sentindo v\u00edtimas e injusti\u00e7ados. N\u00e3o \u00e0 toa, em meio a pandemia e as den\u00fancias de viol\u00eancia de g\u00eanero, h\u00e1 aqueles que usam do n\u00famero maior de mortes dos homens em decorr\u00eancia da covid-19, para atenuar a agress\u00e3o contra mulheres.\u00a0<\/p>\n<p>\u201cPorque eles acham que nesse momento \u2018as mulheres est\u00e3o com muitos direitos\u2019, \u2018n\u00e3o existe lei que protege o homem\u2019, uma coisa meio que \u2018n\u00e3o tem uma lei Jo\u00e3o da Penha\u2019. Existe esse tipo de questionamento e reclama\u00e7\u00e3o\u201d, descreve o pesquisador.\u00a0<\/p>\n<p>\u201cA gente procura trazer para eles que a Lei Maria da Penha \u00e9 uma lei que se mostrou necess\u00e1ria porque, ao longo do tempo, o homem achou que a mulher era propriedade dele, que ele era dono da mulher, que podia fazer o que quisesse. \u00c9 uma legisla\u00e7\u00e3o mais nova agora que, comparada historicamente, \u00e9 uma coisa muito pequena e pontual\u201d.\u00a0<\/p>\n<figure class=\"wp-block-image size-large\"><img decoding=\"async\" class=\"wp-image-414186\" src=\"https:\/\/www.redebrasilatual.com.br\/wp-content\/uploads\/2020\/04\/mulheres-sororidade-luta-1024x643.jpg\" sizes=\"(max-width: 1024px) 100vw, 1024px\" srcset=\"https:\/\/www.redebrasilatual.com.br\/wp-content\/uploads\/2020\/04\/mulheres-sororidade-luta-1024x643.jpg 1024w, https:\/\/www.redebrasilatual.com.br\/wp-content\/uploads\/2020\/04\/mulheres-sororidade-luta-360x226.jpg 360w, https:\/\/www.redebrasilatual.com.br\/wp-content\/uploads\/2020\/04\/mulheres-sororidade-luta-768x483.jpg 768w, https:\/\/www.redebrasilatual.com.br\/wp-content\/uploads\/2020\/04\/mulheres-sororidade-luta.jpg 1200w\" alt=\"Fernando Fraz\u00e3o\/EBC\" \/><figcaption>Viol\u00eancia contra a mulher est\u00e1 diretamente ligada \u00e0 cultura machista e patriarcal<\/figcaption><\/figure>\n<p>Para a advogada Tain\u00e3 G\u00f3is, co-fundadora da Rede Feminista de Juristas (DeFEMde) e integrante da Comiss\u00e3o de Direitos Humanos da OAB e do Conselho Municipal de Pol\u00edticas para Mulheres de S\u00e3o Paulo, todo esse contexto de viol\u00eancia contra a mulher exp\u00f5e \u201cque n\u00e3o seria o fim do isolamento que resolveria essa quest\u00e3o\u201d, como chegou a sugerir o presidente Jair Bolsonaro, que tenta <a href=\"https:\/\/www.redebrasilatual.com.br\/politica\/2020\/04\/bolsonaro-conduz-o-brasil-para-matadouro-diz-lula-ao-maior-jornal-britanico\/\" target=\"_blank\" rel=\"noopener noreferrer\">minimizar a gravidade da pandemia <\/a>para ir contra a quarentena.\u00a0<\/p>\n<h2><strong>Desenhando medidas\u00a0<\/strong><\/h2>\n<p>\u201cA gente sabe que a viol\u00eancia dom\u00e9stica \u00e9 epid\u00eamica com ou sem isolamento, com ou sem coronav\u00edrus. Seriam fundamentais pol\u00edticas de garantia de renda e o fortalecimento de equipamentos de recebimento de den\u00fancias, guarda comunit\u00e1ria. Todos esses equipamentos s\u00e3o necess\u00e1rios, n\u00e3o o fim do isolamento\u201d, ressalta Tain\u00e3.\u00a0<\/p>\n<p>Como conselheira, a advogada relata que j\u00e1 sente em seu dia a dia, a partir das den\u00fancias que recebe, os <a href=\"https:\/\/www.redebrasilatual.com.br\/cidadania\/2020\/04\/organizacao-de-mulheres-negras-cobra-poder-publico-por-acoes-de-protecao-social-em-meio-a-pandemia\/\" target=\"_blank\" rel=\"noopener noreferrer\">impactos da viol\u00eancia sobre as mulheres<\/a>, mas tamb\u00e9m sobre as crian\u00e7as, outro grupo que vem recebendo den\u00fancias de agress\u00f5es. A preocupa\u00e7\u00e3o, por\u00e9m, \u00e9 tamb\u00e9m com a capacidade da pr\u00f3pria rede de equipamentos p\u00fablicos de sa\u00fade, assist\u00eancia social e de acolhimento, que nos \u00faltimos anos sofrem com um \u201cdesmonte neoliberal\u201d.\u00a0<\/p>\n<p>A falta de investimento p\u00fablico j\u00e1 havia sido apresentada no ano passado pela professora Ana Fl\u00e1via Pires d\u2019Oliveira, quando, <a href=\"https:\/\/www.redebrasilatual.com.br\/cultura\/2019\/11\/espetaculo-com-teatro-e-jogo-poe-nas-maos-da-plateia-destino-de-mulheres-vitimas-da-violencia\/\" target=\"_blank\" rel=\"noopener noreferrer\">em entrevista \u00e0 <strong>RBA<\/strong><\/a><strong> , <\/strong>contou sobre seu trabalho, nos \u00faltimos 15 anos, atendendo mulheres v\u00edtimas da viol\u00eancia no ambulat\u00f3rio do Centro de Sa\u00fade Escola do Butant\u00e3, Conflitos Familiares Dif\u00edceis (Confad), e percebeu que tanto a rede informal da fam\u00edlia, amigos, trabalho e as formais, de sa\u00fade, delegacias da mulher, centro de refer\u00eancias, falhavam em atend\u00ea-las, dando origem \u00e0 pesquisa<em> Aten\u00e7\u00e3o prim\u00e1ria \u00e0 sa\u00fade e o cuidado integral em viol\u00eancia dom\u00e9stica de g\u00eanero: estudo sobre a rota cr\u00edtica das mulheres e crian\u00e7as e redes intersetoriais.\u00a0<\/em><\/p>\n<p>Diante da pandemia, nesse caso, a rota, que j\u00e1 era cr\u00edtica, pioru. Tain\u00e3 concorda. \u201cToda a cadeia de servi\u00e7o social fica prejudicada e a resposta agora (na crise) \u00e9 sempre a mesma, fortalecer esses equipamentos, fortalecer a assist\u00eancia social, os servi\u00e7os p\u00fablicos, e n\u00e3o as medidas penais. A gente tem uma pesquisa que v\u00ea quantas medidas penais foram tomadas, mas eu queria saber como \u00e9 que est\u00e1 a demanda para o equipamento p\u00fablico, sabe?\u201d.<\/p>\n<p><span style=\"text-decoration: underline;\"><strong>Fonte: Rede Brasil Atual<\/strong><\/span><\/p>\n","protected":false},"excerpt":{"rendered":"<p>Na semana passada, a liga\u00e7\u00e3o de uma aluna para relatar um caso de viol\u00eancia dom\u00e9stica chamou a aten\u00e7\u00e3o da professora e pesquisadora Ana Fl\u00e1via Pires Lucas d\u2019Oliveira. Pelo telefone, a estudante descrevia a hist\u00f3ria de uma empregada dom\u00e9stica, conhecida de sua fam\u00edlia, que estava confinada em casa com o marido, um sujeito com hist\u00f3rico de [&hellip;]<\/p>\n","protected":false},"author":2,"featured_media":8754,"comment_status":"","ping_status":"","sticky":false,"template":"","format":"standard","meta":{"footnotes":""},"categories":[3],"tags":[],"class_list":["post-8755","post","type-post","status-publish","format-standard","has-post-thumbnail","hentry","category-noticias"],"_links":{"self":[{"href":"https:\/\/hostnetart.com.br\/baixada\/wp-json\/wp\/v2\/posts\/8755","targetHints":{"allow":["GET"]}}],"collection":[{"href":"https:\/\/hostnetart.com.br\/baixada\/wp-json\/wp\/v2\/posts"}],"about":[{"href":"https:\/\/hostnetart.com.br\/baixada\/wp-json\/wp\/v2\/types\/post"}],"author":[{"embeddable":true,"href":"https:\/\/hostnetart.com.br\/baixada\/wp-json\/wp\/v2\/users\/2"}],"replies":[{"embeddable":true,"href":"https:\/\/hostnetart.com.br\/baixada\/wp-json\/wp\/v2\/comments?post=8755"}],"version-history":[{"count":0,"href":"https:\/\/hostnetart.com.br\/baixada\/wp-json\/wp\/v2\/posts\/8755\/revisions"}],"wp:featuredmedia":[{"embeddable":true,"href":"https:\/\/hostnetart.com.br\/baixada\/wp-json\/wp\/v2\/media\/8754"}],"wp:attachment":[{"href":"https:\/\/hostnetart.com.br\/baixada\/wp-json\/wp\/v2\/media?parent=8755"}],"wp:term":[{"taxonomy":"category","embeddable":true,"href":"https:\/\/hostnetart.com.br\/baixada\/wp-json\/wp\/v2\/categories?post=8755"},{"taxonomy":"post_tag","embeddable":true,"href":"https:\/\/hostnetart.com.br\/baixada\/wp-json\/wp\/v2\/tags?post=8755"}],"curies":[{"name":"wp","href":"https:\/\/api.w.org\/{rel}","templated":true}]}}