{"id":8751,"date":"2020-04-21T16:37:08","date_gmt":"2020-04-21T19:37:08","guid":{"rendered":"https:\/\/hostnetart.com.br\/baixada\/contraf-cut-fenaban-e-caixa-se-reunem-com-mpt-para-tratar-de-atendimento-dos-bancos\/"},"modified":"2020-04-21T16:37:08","modified_gmt":"2020-04-21T19:37:08","slug":"contraf-cut-fenaban-e-caixa-se-reunem-com-mpt-para-tratar-de-atendimento-dos-bancos","status":"publish","type":"post","link":"https:\/\/hostnetart.com.br\/baixada\/contraf-cut-fenaban-e-caixa-se-reunem-com-mpt-para-tratar-de-atendimento-dos-bancos\/","title":{"rendered":"Contraf-CUT, Fenaban e Caixa se re\u00fanem com MPT para tratar de atendimento dos bancos"},"content":{"rendered":"<div class=\"entry-content clearfix\">\n<p>A Coordena\u00e7\u00e3o do Comando Nacional dos Banc\u00e1rios se reuniu nesta segunda-feira (20) com a Federa\u00e7\u00e3o Nacional dos Bancos e o Minist\u00e9rio P\u00fablico do Trabalho, com a presen\u00e7a da Caixa Econ\u00f4mica Federal, para debater, entre outras coisas, sobre o atendimento nos bancos.<\/p>\n<p>A reuni\u00e3o foi focada na Caixa, por ser o banco com o maior volume de pessoas para serem atendidas e, por isso, onde tamb\u00e9m est\u00e3o os maiores problemas. Segundo a Caixa, 24,2 milh\u00f5es de pessoas j\u00e1 receberam o aux\u00edlio emergencial no banco, um movimento de aproximadamente R$ 16 bilh\u00f5es.<\/p>\n<p>\u201c\u00c9 um volume muito grande de pessoas, mas grande parte delas vai ao banco sem necessidade, por falta de informa\u00e7\u00e3o. Pessoas se cadastraram e aguardam confirma\u00e7\u00e3o, ou que n\u00e3o t\u00eam direito, que est\u00e3o fora do dia estabelecido no calend\u00e1rio de pagamentos etc., enfim, n\u00e3o deveriam estar no banco e acabam criando filas e aglomera\u00e7\u00f5es. A Caixa se comprometeu a intensificar as informa\u00e7\u00f5es sobre o aux\u00edlio emergencial e a divulga\u00e7\u00e3o do canal de atendimento 111. Quem quer informa\u00e7\u00e3o n\u00e3o precisa ir \u00e0s ag\u00eancias, basta ligar nesta central\u201d, afirmou a presidenta da Contraf-CUT, Juvandia Moreira, que \u00e9 uma das coordenadoras do Comando Nacional dos Banc\u00e1rios, ao ressaltar que o Minist\u00e9rio P\u00fablico Federal, entrou com uma a\u00e7\u00e3o civil p\u00fablica pedindo, inclusive, que a Caixa abra as ag\u00eancias aos s\u00e1bados para atender essas pessoas.<\/p>\n<p>Para o coordenador da Comiss\u00e3o Executiva dos Empregados (CEE) da Caixa, Dion\u00edsio Reis, grande parte das pessoas n\u00e3o necessita do atendimento presencial nas ag\u00eancias, precisa de informa\u00e7\u00e3o. \u201c\u00c9 fundamental que a Caixa e o Governo deem as informa\u00e7\u00f5es corretas e as orienta\u00e7\u00f5es sobre como fazer o cadastro e a movimenta\u00e7\u00e3o dos recursos sem que estas pessoas precisem ir ao banco para evitar que elas corram o risco de cont\u00e1gio pelo v\u00edrus\u201d, disse.<\/p>\n<p>\u201cJ\u00e1 hav\u00edamos negociado com a Caixa e Fenaban v\u00e1rios dos pedidos que o Minist\u00e9rio P\u00fablico Federal fez na a\u00e7\u00e3o, como \u00e1lcool gel, m\u00e1scara, marca\u00e7\u00e3o do ch\u00e3o. Eles pedem que a Caixa abra aos s\u00e1bados, mas n\u00f3s achamos que n\u00e3o existe a necessidade de abertura aos s\u00e1bados. Foi consenso na reuni\u00e3o com o MPT que muita gente que vai \u00e0s ag\u00eancias n\u00e3o precisava estar l\u00e1. Por isso, \u00e9 preciso informa\u00e7\u00e3o sobre quem tem direito e como acessar o renda b\u00e1sica emergencial, assim as pessoas saberiam que n\u00e3o h\u00e1 necessidade de ir as ag\u00eancias e isso reduzir\u00e1 as filas e as aglomera\u00e7\u00f5es\u201d, disse Juvandia.<\/p>\n<p>A Caixa disse que j\u00e1 autorizou o aluguel de carros de som para informar as pessoas que est\u00e3o nas filas e rodando nas comunidades e os sindicatos dos banc\u00e1rios j\u00e1 est\u00e3o, desde o come\u00e7o refor\u00e7ando as informa\u00e7\u00f5es.<\/p>\n<p>Para Juvandia, o grande n\u00f3 \u00e9 a divulga\u00e7\u00e3o, ela informou ainda que na reuni\u00e3o com o Minist\u00e9rio P\u00fablico do Trabalho a Caixa se comprometeu a refor\u00e7ar a divulga\u00e7\u00e3o da central de atendimento 111. \u201cPrecisa massificar a divulga\u00e7\u00e3o. E \u00e9 preciso tamb\u00e9m envolver os munic\u00edpios, pedir para as prefeituras ajudarem colocando os CRAS (Centros de Refer\u00eancia de Assist\u00eancia Social) para ajudar a fazer esse servi\u00e7o social de esclarecimentos e cadastramentos\u201d, defendeu.<\/p>\n<p>O coordenador da CEE\/Caixa disse ainda que todos os empregados sentem orgulho de trabalhar na Caixa por saber da import\u00e2ncia do banco e de seu trabalho. \u201cPor isso sempre lutamos em defesa da Caixa como banco 100% p\u00fablico. E, neste momento, todo povo brasileiro est\u00e1 vendo isso\u201d<\/p>\n<h3>Abertura no feriado e no s\u00e1bado<\/h3>\n<p>Na ter\u00e7a-feira (21) e no s\u00e1bado (25), aproximadamente 700 ag\u00eancias da Caixa, a maior parte delas localizadas nas regi\u00f5es Norte e Nordeste do pa\u00eds, onde existe maior demanda, abrir\u00e3o para atendimento \u00e0s pessoas que precisam receber o aux\u00edlio emergencial.<\/p>\n<p>\u201cOs empregados, que j\u00e1 est\u00e3o sobrecarregados, n\u00e3o podem ser obrigados a terem que trabalhar no feriado e no s\u00e1bado. \u00c9 importante que o trabalho seja realmente volunt\u00e1rio. O empregado que se sentir obrigado ou se houver algum tipo de abuso deve entrar em contato com seu sindicato e denunciar a situa\u00e7\u00e3o\u201d, disse Dion\u00edsio.<\/p>\n<p>A Caixa informou na reuni\u00e3o com o MPT que o atendimento no feriado e no s\u00e1bado acontecer\u00e1 somente nesta semana, na ter\u00e7a e no s\u00e1bado, somente nestas ag\u00eancias e os funcion\u00e1rios v\u00e3o aderir voluntariamente.<\/p>\n<p>A coordena\u00e7\u00e3o do Comando Nacional dos Banc\u00e1rios cobrou da Caixa o pagamento das horas extras e o banco informou que ser\u00e3o pagas.<\/p>\n<h3>Manter contingente atual<\/h3>\n<p>A Caixa desmentiu boatos de que pretende chamar funcion\u00e1rios que est\u00e3o em home office e dispensados do trabalho para voltar \u00e0s ag\u00eancias. A Caixa se comprometeu a manter o contingente atual e o rod\u00edzio.<\/p>\n<h3>Organiza\u00e7\u00e3o das filas<\/h3>\n<p>Segundo a imprensa, a Pol\u00edcia Federal autorizou a Caixa a colocar os <a href=\"https:\/\/economia.uol.com.br\/noticias\/redacao\/2020\/04\/20\/caixa-antecipa-pagamento-da-2-parcela-do-auxilio-emergencial-de-r-600.htm\" target=\"_blank\" rel=\"noopener noreferrer\">vigilantes para ajudar a organizar as filas<\/a>.<\/p>\n<p>Fonte: Contraf-CUT<\/p>\n<\/div>\n","protected":false},"excerpt":{"rendered":"<p>A Coordena\u00e7\u00e3o do Comando Nacional dos Banc\u00e1rios se reuniu nesta segunda-feira (20) com a Federa\u00e7\u00e3o Nacional dos Bancos e o Minist\u00e9rio P\u00fablico do Trabalho, com a presen\u00e7a da Caixa Econ\u00f4mica Federal, para debater, entre outras coisas, sobre o atendimento nos bancos. A reuni\u00e3o foi focada na Caixa, por ser o banco com o maior volume [&hellip;]<\/p>\n","protected":false},"author":2,"featured_media":8750,"comment_status":"","ping_status":"","sticky":false,"template":"","format":"standard","meta":{"footnotes":""},"categories":[3],"tags":[],"class_list":["post-8751","post","type-post","status-publish","format-standard","has-post-thumbnail","hentry","category-noticias"],"_links":{"self":[{"href":"https:\/\/hostnetart.com.br\/baixada\/wp-json\/wp\/v2\/posts\/8751","targetHints":{"allow":["GET"]}}],"collection":[{"href":"https:\/\/hostnetart.com.br\/baixada\/wp-json\/wp\/v2\/posts"}],"about":[{"href":"https:\/\/hostnetart.com.br\/baixada\/wp-json\/wp\/v2\/types\/post"}],"author":[{"embeddable":true,"href":"https:\/\/hostnetart.com.br\/baixada\/wp-json\/wp\/v2\/users\/2"}],"replies":[{"embeddable":true,"href":"https:\/\/hostnetart.com.br\/baixada\/wp-json\/wp\/v2\/comments?post=8751"}],"version-history":[{"count":0,"href":"https:\/\/hostnetart.com.br\/baixada\/wp-json\/wp\/v2\/posts\/8751\/revisions"}],"wp:featuredmedia":[{"embeddable":true,"href":"https:\/\/hostnetart.com.br\/baixada\/wp-json\/wp\/v2\/media\/8750"}],"wp:attachment":[{"href":"https:\/\/hostnetart.com.br\/baixada\/wp-json\/wp\/v2\/media?parent=8751"}],"wp:term":[{"taxonomy":"category","embeddable":true,"href":"https:\/\/hostnetart.com.br\/baixada\/wp-json\/wp\/v2\/categories?post=8751"},{"taxonomy":"post_tag","embeddable":true,"href":"https:\/\/hostnetart.com.br\/baixada\/wp-json\/wp\/v2\/tags?post=8751"}],"curies":[{"name":"wp","href":"https:\/\/api.w.org\/{rel}","templated":true}]}}