{"id":875,"date":"2015-06-18T13:43:00","date_gmt":"2015-06-18T16:43:00","guid":{"rendered":"https:\/\/hostnetart.com.br\/baixada\/diario-oficial-publica-novas-regras-para-o-calculo-de-aposentadoria\/"},"modified":"2015-06-18T13:43:00","modified_gmt":"2015-06-18T16:43:00","slug":"diario-oficial-publica-novas-regras-para-o-calculo-de-aposentadoria","status":"publish","type":"post","link":"https:\/\/hostnetart.com.br\/baixada\/diario-oficial-publica-novas-regras-para-o-calculo-de-aposentadoria\/","title":{"rendered":"Di\u00e1rio oficial publica novas regras para o c\u00e1lculo de aposentadoria"},"content":{"rendered":"<p>O Di\u00e1rio Oficial da Uni\u00e3o publica nesta quinta-feira (18) a Medida Provis\u00f3ria 676, sobre o c\u00e1lculo para as aposentadorias na Previd\u00eancia Social e adiciona um f\u00f3rmula progressiva a partir de 2017. <\/p>\n<p>Pelo texto o segurado que preencher o requisito para a aposentadoria por tempo de contribui\u00e7\u00e3o poder\u00e1 optar pela n\u00e3o incid\u00eancia do fator previdenci\u00e1rio, no c\u00e1lculo de sua aposentadoria, quando o total resultante da soma de sua idade e de seu tempo de contribui\u00e7\u00e3o, inclu\u00eddas as fra\u00e7\u00f5es, na data de requerimento da aposentadoria, for igual ou superior a 95 pontos, se homem, observando o tempo m\u00ednimo de contribui\u00e7\u00e3o de trinta e cinco e igual ou superior a 85, se mulher, observando o tempo m\u00ednimo de contribui\u00e7\u00e3o de trinta anos.<\/p>\n<p>O governo introduziu, no entanto, uma f\u00f3rmula progressiva que passar\u00e1 a vigorar a partir de 2017 e que acrescenta um ponto tanto para os homens quanto para as mulheres com o seguinte calend\u00e1rio:<\/p>\n<p>Primeiro de janeiro de 2017; 1\u00ba de janeiro de 2019; 1\u00ba de janeiro de 2020; 1\u00ba de janeiro de 2021; e 1\u00ba de janeiro de 2022, quando a f\u00f3rmula passa, ent\u00e3o, a ser 90\/100.<\/p>\n<p>O governo j\u00e1 tinha indicado que iria vetar a f\u00f3rmula 85\/95 pois, segundo o ministro da Previd\u00eancia Social, Carlos Gabas, caso o c\u00e1lculo para aposentadoria, proposto pelo Congresso Nacional, chamado de \u201cf\u00f3rmula 85\/95\u2033, fosse aplicado , o Brasil viveria \u201co caos\u201d anos mais tarde.<\/p>\n<p>Ontem,o governo divulgou uma nota explicando o veto. \u201cA presidenta Dilma Rousseff veta o Projeto de Lei de Convers\u00e3o 4\/2015 e edita medida provis\u00f3ria que assegura a regra de 85 pontos (idade+tempo de contribui\u00e7\u00e3o para mulheres) e 95 pontos (idade+tempo de contribui\u00e7\u00e3o para homens), que fora aprovada pelo Congresso Nacional. Ao mesmo tempo, introduz a regra da progressividade, baseada na mudan\u00e7a de expectativa de vida e, ao faz\u00ea-lo, visa garantir a sustentabilidade da Previd\u00eancia Social\u201d, diz a nota divulgada pela assessoria do Pal\u00e1cio do Planalto.<\/p>\n<p>Antes da decis\u00e3o de Dilma e integrantes do governo se reuniram durante cerca de tr\u00eas horas para formular a proposta. Em seguida, ela foi apresentada \u00e0s centrais sindicais pelo ministro da Previd\u00eancia Social, Carlos Gabas. Depois, Gabas, o ministro da Fazenda, Joaquim Levy e outras autoridades do governo foram ao Congresso Nacional, onde se encontraram com o presidente da Casa, senador Renan Calheiros (PMDB-AL).<\/p>\n<p>O governo dar\u00e1 uma entrevista \u00e0 imprensa para detalhar a regra da progressividade. <\/p>\n<p>Fonte: Ag\u00eancia Brasil \u2013 Daniel Lima<\/p>\n","protected":false},"excerpt":{"rendered":"<p>O Di\u00e1rio Oficial da Uni\u00e3o publica nesta quinta-feira (18) a Medida Provis\u00f3ria 676, sobre o c\u00e1lculo para as aposentadorias na Previd\u00eancia Social e adiciona um f\u00f3rmula progressiva a partir de 2017. Pelo texto o segurado que preencher o requisito para a aposentadoria por tempo de contribui\u00e7\u00e3o poder\u00e1 optar pela n\u00e3o incid\u00eancia do fator previdenci\u00e1rio, no [&hellip;]<\/p>\n","protected":false},"author":1,"featured_media":0,"comment_status":"","ping_status":"","sticky":false,"template":"","format":"standard","meta":{"footnotes":""},"categories":[3],"tags":[],"class_list":["post-875","post","type-post","status-publish","format-standard","hentry","category-noticias"],"_links":{"self":[{"href":"https:\/\/hostnetart.com.br\/baixada\/wp-json\/wp\/v2\/posts\/875","targetHints":{"allow":["GET"]}}],"collection":[{"href":"https:\/\/hostnetart.com.br\/baixada\/wp-json\/wp\/v2\/posts"}],"about":[{"href":"https:\/\/hostnetart.com.br\/baixada\/wp-json\/wp\/v2\/types\/post"}],"author":[{"embeddable":true,"href":"https:\/\/hostnetart.com.br\/baixada\/wp-json\/wp\/v2\/users\/1"}],"replies":[{"embeddable":true,"href":"https:\/\/hostnetart.com.br\/baixada\/wp-json\/wp\/v2\/comments?post=875"}],"version-history":[{"count":0,"href":"https:\/\/hostnetart.com.br\/baixada\/wp-json\/wp\/v2\/posts\/875\/revisions"}],"wp:attachment":[{"href":"https:\/\/hostnetart.com.br\/baixada\/wp-json\/wp\/v2\/media?parent=875"}],"wp:term":[{"taxonomy":"category","embeddable":true,"href":"https:\/\/hostnetart.com.br\/baixada\/wp-json\/wp\/v2\/categories?post=875"},{"taxonomy":"post_tag","embeddable":true,"href":"https:\/\/hostnetart.com.br\/baixada\/wp-json\/wp\/v2\/tags?post=875"}],"curies":[{"name":"wp","href":"https:\/\/api.w.org\/{rel}","templated":true}]}}