{"id":8749,"date":"2020-04-21T16:36:00","date_gmt":"2020-04-21T19:36:00","guid":{"rendered":"https:\/\/hostnetart.com.br\/baixada\/presidenta-da-contraf-fara-live-no-facebook-sobre-sus-saude-e-trabalho-no-facebook\/"},"modified":"2020-04-21T16:36:00","modified_gmt":"2020-04-21T19:36:00","slug":"presidenta-da-contraf-fara-live-no-facebook-sobre-sus-saude-e-trabalho-no-facebook","status":"publish","type":"post","link":"https:\/\/hostnetart.com.br\/baixada\/presidenta-da-contraf-fara-live-no-facebook-sobre-sus-saude-e-trabalho-no-facebook\/","title":{"rendered":"Presidenta da Contraf far\u00e1 live no facebook sobre SUS, sa\u00fade e trabalho no Facebook"},"content":{"rendered":"<p>A Confedera\u00e7\u00e3o Nacional dos Trabalhadores do Ramo Financeiro (Contraf-CUT) realiza, nesta quarta-feira (22), \u00e0s 18h, mais uma transmiss\u00e3o ao vivo com uma das coordenadoras do Comando Nacional dos Banc\u00e1rios, Juvandia Moreira. Diferente das duas primeiras edi\u00e7\u00f5es, que foram realizadas no<a href=\"http:\/\/contraf_cut\" target=\"_blank\" rel=\"noopener noreferrer\"> Instagram<\/a>, dessa vez ser\u00e1 no perfil do <a href=\"https:\/\/www.facebook.com\/contrafcut\/?ref=bookmarks\" target=\"_blank\" rel=\"noopener noreferrer\">Facebook da Confedera\u00e7\u00e3o<\/a>.<\/p>\n<p>Outra novidade \u00e9 a participa\u00e7\u00e3o de mais convidados. Al\u00e9m de Juvandia, que tamb\u00e9m \u00e9 presidenta da Confedera\u00e7\u00e3o, participar\u00e3o Fausto Augusto Junior, diretor t\u00e9cnico do Departamento Intersindical de Estat\u00edstica e Estudos Socioecon\u00f4micos (Dieese), a m\u00e9dica do trabalho Maria Maeno, diretora da Funda\u00e7\u00e3o Jorge Duprat Figueiredo de Seguran\u00e7a e Medicina do Trabalho (Fundacentro), e Cleonice Ribeiro, presidenta do Sindicato dos Trabalhadores P\u00fablicos da Sa\u00fade no Estado de S\u00e3o Paulo (SindSaude-SP).<\/p>\n<p>Para participar da live, os interessados devem acessar o perfil da Contraf-CUT no facebook no hor\u00e1rio marcado.<\/p>\n<h3>Duas primeiras lives<\/h3>\n<p>Para quem n\u00e3o p\u00f4de assistir a transmiss\u00e3o ao vivo, os v\u00eddeos gravados est\u00e3o dispon\u00edveis no site e nos canais da Contraf-CUT no facebook e youtube.<\/p>\n<p><strong>Fonte: Contraf-CUT<\/strong><\/p>\n","protected":false},"excerpt":{"rendered":"<p>A Confedera\u00e7\u00e3o Nacional dos Trabalhadores do Ramo Financeiro (Contraf-CUT) realiza, nesta quarta-feira (22), \u00e0s 18h, mais uma transmiss\u00e3o ao vivo com uma das coordenadoras do Comando Nacional dos Banc\u00e1rios, Juvandia Moreira. Diferente das duas primeiras edi\u00e7\u00f5es, que foram realizadas no Instagram, dessa vez ser\u00e1 no perfil do Facebook da Confedera\u00e7\u00e3o. Outra novidade \u00e9 a participa\u00e7\u00e3o [&hellip;]<\/p>\n","protected":false},"author":2,"featured_media":8748,"comment_status":"","ping_status":"","sticky":false,"template":"","format":"standard","meta":{"footnotes":""},"categories":[3],"tags":[],"class_list":["post-8749","post","type-post","status-publish","format-standard","has-post-thumbnail","hentry","category-noticias"],"_links":{"self":[{"href":"https:\/\/hostnetart.com.br\/baixada\/wp-json\/wp\/v2\/posts\/8749","targetHints":{"allow":["GET"]}}],"collection":[{"href":"https:\/\/hostnetart.com.br\/baixada\/wp-json\/wp\/v2\/posts"}],"about":[{"href":"https:\/\/hostnetart.com.br\/baixada\/wp-json\/wp\/v2\/types\/post"}],"author":[{"embeddable":true,"href":"https:\/\/hostnetart.com.br\/baixada\/wp-json\/wp\/v2\/users\/2"}],"replies":[{"embeddable":true,"href":"https:\/\/hostnetart.com.br\/baixada\/wp-json\/wp\/v2\/comments?post=8749"}],"version-history":[{"count":0,"href":"https:\/\/hostnetart.com.br\/baixada\/wp-json\/wp\/v2\/posts\/8749\/revisions"}],"wp:featuredmedia":[{"embeddable":true,"href":"https:\/\/hostnetart.com.br\/baixada\/wp-json\/wp\/v2\/media\/8748"}],"wp:attachment":[{"href":"https:\/\/hostnetart.com.br\/baixada\/wp-json\/wp\/v2\/media?parent=8749"}],"wp:term":[{"taxonomy":"category","embeddable":true,"href":"https:\/\/hostnetart.com.br\/baixada\/wp-json\/wp\/v2\/categories?post=8749"},{"taxonomy":"post_tag","embeddable":true,"href":"https:\/\/hostnetart.com.br\/baixada\/wp-json\/wp\/v2\/tags?post=8749"}],"curies":[{"name":"wp","href":"https:\/\/api.w.org\/{rel}","templated":true}]}}