{"id":8745,"date":"2020-04-20T21:50:47","date_gmt":"2020-04-21T00:50:47","guid":{"rendered":"https:\/\/hostnetart.com.br\/baixada\/comando-e-coe-debatem-sobre-ferias-e-banco-de-horas-com-o-itau\/"},"modified":"2020-04-20T21:50:47","modified_gmt":"2020-04-21T00:50:47","slug":"comando-e-coe-debatem-sobre-ferias-e-banco-de-horas-com-o-itau","status":"publish","type":"post","link":"https:\/\/hostnetart.com.br\/baixada\/comando-e-coe-debatem-sobre-ferias-e-banco-de-horas-com-o-itau\/","title":{"rendered":"Comando e COE debatem sobre f\u00e9rias e banco de horas com o Ita\u00fa"},"content":{"rendered":"<div class=\"entry-content clearfix\">\n<p>A coordena\u00e7\u00e3o do Comando Nacional dos Banc\u00e1rios e a Comiss\u00e3o de Organiza\u00e7\u00e3o dos Empregados (COE) do Ita\u00fa se reuniram por videoconfer\u00eancia com o banco nesta segunda-feira (20) para tratar sobre a proposta de f\u00e9rias e banco de horas que o banco pretende implementar para os funcion\u00e1rios que est\u00e3o afastados do local de trabalho sem realizar o home office, incluindo aqueles que fazem parte dos grupos de risco.<\/p>\n<p>O banco informou que existem atualmente 45 mil funcion\u00e1rios trabalhando em casa (home office) e 7 mil est\u00e3o afastados sem atividade de home office. Isso representa 45% dos 81.691 empregados da <em>holding<\/em>, segundo dados do <a href=\"https:\/\/contrafcut.com.br\/noticias\/itau-lucra-r-28363-bilhoes-em-2019\/\">balan\u00e7o social do banco de 2019<\/a>. Al\u00e9m desses, outros 20 mil trabalham em esquema de rod\u00edzio.<\/p>\n<p>\u201c\u00c9 importante destacar que, antes de implementar as medidas, o banco Ita\u00fa procurou a representa\u00e7\u00e3o dos trabalhadores para informar sua inten\u00e7\u00e3o e negociar. Tivemos a oportunidade de apresentar algumas propostas que ser\u00e3o analisadas e o banco nos trar\u00e1 uma resposta na pr\u00f3xima reuni\u00e3o\u201d, disse o coordenador da COE Ita\u00fa, Jair Alves, que \u00e9 dirigente da Confedera\u00e7\u00e3o Nacional dos Trabalhadores do Ramo Financeiro (Contraf-CUT). A data indicativa para a pr\u00f3xima reuni\u00e3o \u00e9 quinta-feira (23), \u00e0s 10h.<\/p>\n<h3>F\u00e9rias<\/h3>\n<p>O banco informou que vai implementar o artigo 6\u00ba da Medida Provis\u00f3ria 927\/2020, que o permite comunicar ao funcion\u00e1rio o in\u00edcio das f\u00e9rias com anteced\u00eancia de apenas 48 horas. Mas, n\u00e3o vai implementar os artigos 8\u00ba e 9\u00ba da MP, que, durante o per\u00edodo de calamidade p\u00fablica, o autoriza a pagar o adicional de um ter\u00e7o de f\u00e9rias juntamente com o 13\u00ba sal\u00e1rio e a pagar a remunera\u00e7\u00e3o das f\u00e9rias at\u00e9 o quinto dia \u00fatil do m\u00eas subsequente ao in\u00edcio do gozo das f\u00e9rias.<\/p>\n<p>O <a href=\"https:\/\/contrafcut.com.br\/noticias\/santander-vai-ampliar-rodizio-de-agencias-para-outros-estados\/\">Santander<\/a>, o <a href=\"https:\/\/contrafcut.com.br\/noticias\/bancos-passam-a-usar-mecanismos-previstos-na-mp-927\/\">Banco do Brasil<\/a> e o <a href=\"https:\/\/contrafcut.com.br\/noticias\/trabalhadores-do-bradesco-que-estao-em-casa-e-nao-estao-em-teletrabalho-serao-colocados-em-ferias\/\">Bradesco<\/a> j\u00e1 fizeram an\u00fancios semelhantes, mas nenhum deles negociou previamente com a representa\u00e7\u00e3o dos trabalhadores.<\/p>\n<h3>Banco de horas<\/h3>\n<p>O banco tamb\u00e9m vai implementar o banco de horas para as pessoas que estejam afastadas sem realizar atividades de trabalho em suas casas.<\/p>\n<p>\u201cApresentamos algumas propostas para o banco, que vai analisar e nos trar\u00e1 a resposta na quinta-feira. Queremos que todos os dias j\u00e1 transcorridos at\u00e9 a assinatura de acordo sejam abonados, queremos debater como ser\u00e1 a compensa\u00e7\u00e3o destas horas e a proporcionalidade a ser considerada de cada hora\u201d, explicou o dirigente da Contraf-CUT. \u201cAl\u00e9m disso, as sextas, s\u00e1bados e domingos n\u00e3o podem ser considerados no banco de horas e compensa\u00e7\u00e3o somente poder\u00e1 come\u00e7ar a ser feita ap\u00f3s passar a pandemia\u201d, completou.<\/p>\n<p>Outra premissa apresentada pelos trabalhadores ao banco \u00e9 que seja reduzido o prazo m\u00e1ximo de compensa\u00e7\u00e3o de 18 meses, apresentado pelo Ita\u00fa.<\/p>\n<p>A representa\u00e7\u00e3o dos trabalhadores tamb\u00e9m cobrou novamente que o Ita\u00fa inclua as lactantes e m\u00e3es com filhos at\u00e9 dois anos no grupo de risco.<\/p>\n<p>Em rela\u00e7\u00e3o \u00e0 fun\u00e7\u00e3o de caixa, que tem dificuldade maior para trabalhar em home office, o Ita\u00fa afirmou que o projeto \u00e9 que eles possam, caso queiram, trabalhar em home office realizando atendimento de call center. Hoje, j\u00e1 s\u00e3o aproximadamente 700 caixas atuando no call center em home office e o n\u00famero pode chegar a 5 mil banc\u00e1rios nessa condi\u00e7\u00e3o.<\/p>\n<h3>Problemas de gest\u00e3o<\/h3>\n<p>Os trabalhadores tamb\u00e9m cobraram que as decis\u00f5es negociadas em mesa de negocia\u00e7\u00f5es, seja na mesa espec\u00edfica do Ita\u00fa, seja na mesa conjunta com a Federa\u00e7\u00e3o Nacional dos Bancos, sejam comunicadas aos gestores como determina\u00e7\u00e3o a ser cumprida.<\/p>\n<p>\u201cTem gestor que n\u00e3o est\u00e1 acatando o que \u00e9 definido nas mesas de negocia\u00e7\u00f5es. O banco deve ser firme e determinar o cumprimento das decis\u00f5es\u201d, cobrou Jair.<\/p>\n<p>Entre as medidas n\u00e3o respeitadas pelos gestores, segundo o coordenador da COE est\u00e3o a cobran\u00e7a excessiva de metas, reuni\u00f5es fora de hor\u00e1rio de trabalho e at\u00e9 aos s\u00e1bados.<\/p>\n<p>Segundo o Ita\u00fa, a orienta\u00e7\u00e3o \u00e9 para que n\u00e3o sejam cobradas metas durante a pandemia e os gestores que estiverem agindo desta forma ser\u00e3o punidos. O banco tamb\u00e9m assumiu que h\u00e1 falhas na comunica\u00e7\u00e3o em rela\u00e7\u00e3o ao tema.<\/p>\n<p>\u201cA prioridade deve ser a garantia da seguran\u00e7a e da sa\u00fade dos trabalhadores e a manuten\u00e7\u00e3o do emprego\u201d, frisou o dirigente da Contraf-CUT.<\/p>\n<h3><strong>Outras demandas<\/strong><\/h3>\n<p>Referente ao complemento da remunera\u00e7\u00e3o para quem est\u00e1 afastado para tratamento de sa\u00fade, os trabalhadores disseram que existem den\u00fancias de que o banco n\u00e3o esteja pagando a complementa\u00e7\u00e3o. O banco solicitou que sejam levantados os casos que isso ocorreu e apresentados para sejam feitas as corre\u00e7\u00f5es.<\/p>\n<p>Os trabalhadores tamb\u00e9m cobraram que o Ita\u00fa disponibilize testes para todos os banc\u00e1rios, principalmente para aqueles que est\u00e3o voltando do rod\u00edzio.<\/p>\n<p><strong>Fonte: Contraf-CUT<\/strong><\/p>\n<\/div>\n","protected":false},"excerpt":{"rendered":"<p>A coordena\u00e7\u00e3o do Comando Nacional dos Banc\u00e1rios e a Comiss\u00e3o de Organiza\u00e7\u00e3o dos Empregados (COE) do Ita\u00fa se reuniram por videoconfer\u00eancia com o banco nesta segunda-feira (20) para tratar sobre a proposta de f\u00e9rias e banco de horas que o banco pretende implementar para os funcion\u00e1rios que est\u00e3o afastados do local de trabalho sem realizar [&hellip;]<\/p>\n","protected":false},"author":2,"featured_media":8744,"comment_status":"","ping_status":"","sticky":false,"template":"","format":"standard","meta":{"footnotes":""},"categories":[3],"tags":[],"class_list":["post-8745","post","type-post","status-publish","format-standard","has-post-thumbnail","hentry","category-noticias"],"_links":{"self":[{"href":"https:\/\/hostnetart.com.br\/baixada\/wp-json\/wp\/v2\/posts\/8745","targetHints":{"allow":["GET"]}}],"collection":[{"href":"https:\/\/hostnetart.com.br\/baixada\/wp-json\/wp\/v2\/posts"}],"about":[{"href":"https:\/\/hostnetart.com.br\/baixada\/wp-json\/wp\/v2\/types\/post"}],"author":[{"embeddable":true,"href":"https:\/\/hostnetart.com.br\/baixada\/wp-json\/wp\/v2\/users\/2"}],"replies":[{"embeddable":true,"href":"https:\/\/hostnetart.com.br\/baixada\/wp-json\/wp\/v2\/comments?post=8745"}],"version-history":[{"count":0,"href":"https:\/\/hostnetart.com.br\/baixada\/wp-json\/wp\/v2\/posts\/8745\/revisions"}],"wp:featuredmedia":[{"embeddable":true,"href":"https:\/\/hostnetart.com.br\/baixada\/wp-json\/wp\/v2\/media\/8744"}],"wp:attachment":[{"href":"https:\/\/hostnetart.com.br\/baixada\/wp-json\/wp\/v2\/media?parent=8745"}],"wp:term":[{"taxonomy":"category","embeddable":true,"href":"https:\/\/hostnetart.com.br\/baixada\/wp-json\/wp\/v2\/categories?post=8745"},{"taxonomy":"post_tag","embeddable":true,"href":"https:\/\/hostnetart.com.br\/baixada\/wp-json\/wp\/v2\/tags?post=8745"}],"curies":[{"name":"wp","href":"https:\/\/api.w.org\/{rel}","templated":true}]}}