{"id":8735,"date":"2020-04-20T14:26:21","date_gmt":"2020-04-20T17:26:21","guid":{"rendered":"https:\/\/hostnetart.com.br\/baixada\/coronavirus-drauzio-preve-tragedia-em-funcao-das-desigualdades-no-brasil\/"},"modified":"2020-04-20T14:26:21","modified_gmt":"2020-04-20T17:26:21","slug":"coronavirus-drauzio-preve-tragedia-em-funcao-das-desigualdades-no-brasil","status":"publish","type":"post","link":"https:\/\/hostnetart.com.br\/baixada\/coronavirus-drauzio-preve-tragedia-em-funcao-das-desigualdades-no-brasil\/","title":{"rendered":"Coronav\u00edrus: Drauzio prev\u00ea trag\u00e9dia em fun\u00e7\u00e3o das desigualdades no Brasil"},"content":{"rendered":"<p>O m\u00e9dico oncologista Drauzio Varella afirma que o Brasil vai viver uma \u201ctrag\u00e9dia nacional\u201d em fun\u00e7\u00e3o do n\u00famero de mortes causadas pela <a href=\"https:\/\/www.redebrasilatual.com.br\/saude-e-ciencia\/2020\/04\/brasil-tem-2-462-mortes-confirmadas-por-covid-19-e-38-654-infectados\/\" target=\"_blank\" rel=\"noopener noreferrer\">pandemia de coronav\u00edrus<\/a>.<\/p>\n<p>\u201cAgora \u00e9 que n\u00f3s vamos pagar o pre\u00e7o por essa desigualdade social com a qual n\u00f3s convivemos por d\u00e9cadas e d\u00e9cadas, aceitando como uma coisa praticamente natural. Agora vem a conta a pagar\u201d, afirmou o m\u00e9dico \u00e0 rep\u00f3rter L\u00edgia Guimar\u00e3es, da <em><a href=\"https:\/\/noticias.uol.com.br\/ultimas-noticias\/bbc\/2020\/04\/20\/drauzio-preve-tragedia-nacional-por-coronavirus-brasil-vai-pagar-o-preco-da-desigualdade.htm\" target=\"_blank\" rel=\"noopener noreferrer\">BBC Brasil<\/a><\/em>.<\/p>\n<p>Ele lembra que a dissemina\u00e7\u00e3o da doen\u00e7a ocorreu primeiramente entre pessoas que viajaram ao exterior, mas, \u201cfor\u00e7osamente\u201d deve atingir \u201ccamadas sociais menos favorecidas\u201d. \u00c9 o que vem ocorrendo em Nova York, no Estados Unidos, onde a doen\u00e7a causa muito mais \u00f3bitos, proporcionalmente, na popula\u00e7\u00e3o negra.<\/p>\n<p>\u201cN\u00f3s n\u00e3o sabemos ainda o que vai acontecer quando esses 13 milh\u00f5es de brasileiros que vivem em condi\u00e7\u00f5es prec\u00e1rias de habita\u00e7\u00e3o e que t\u00eam condi\u00e7\u00f5es prec\u00e1rias de sa\u00fade tamb\u00e9m v\u00e3o se infectar. N\u00e3o sabemos o que vai acontecer, vamos aprender agora a duras penas. Eu rodo muito pelo pa\u00eds, j\u00e1 gravei em periferias de quase todas as grandes cidades brasileiras. E voc\u00ea entra nessas casas, \u00e9 uma pobreza em um n\u00edvel\u2026\u201d, lamentou o m\u00e9dico.<\/p>\n<h2>\u201cLugares impr\u00f3prios\u201d<\/h2>\n<p>A desigualdade resulta em grande parte da popula\u00e7\u00e3o vivendo em \u201clugares impr\u00f3prios\u201d, em resid\u00eancias superpovoadas, com c\u00f4modos \u00fanicos, sem divis\u00e3o entre quartos e demais \u00e1reas. \u00c0s m\u00e1s condi\u00e7\u00f5es de habita\u00e7\u00e3o, soma-se a falta de renda, que obriga as pessoas a sa\u00edrem \u00e0s ruas em busca da sobreviv\u00eancia.<\/p>\n<p>Segundo Drauzio, \u201cenquanto tiver gente vivendo nessas condi\u00e7\u00f5es, se infectando e transmitindo o v\u00edrus uns para os outros, esse v\u00edrus vai atingir todo mundo, porque as pessoas se interconectam de uma forma ou de outra, ou dividem espa\u00e7os comunit\u00e1rios de um jeito ou de outro\u201d.<\/p>\n<h2>Trag\u00e9dia Nacional<\/h2>\n<p>Ele disse que j\u00e1 foi \u201cotimista\u201d, no in\u00edcio da crise, quando as informa\u00e7\u00f5es preliminares apontavam alta letalidade do coronav\u00edrus apenas em pessoas com idade avan\u00e7ada ou que sofriam de doen\u00e7as cr\u00f4nicas. Mas agora acredita que \u201cvamos ter um n\u00famero muito grande de mortes, vamos ter um impacto na economia enorme, vamos ter uma dura\u00e7\u00e3o prolongada\u201d.<\/p>\n<p>O m\u00e9dico tamb\u00e9m afirma que n\u00e3o \u00e9 poss\u00edvel prever quando ser\u00e3o relaxadas as medidas de isolamento social. \u201d Dois meses? Tr\u00eas meses? Seis meses? Ningu\u00e9m sabe. Ningu\u00e9m arrisca dizer por ter responsabilidade. N\u00f3s n\u00e3o sabemos. Isso \u00e9 um v\u00edrus novo, nunca existiu uma situa\u00e7\u00e3o como essa.\u201d<\/p>\n<h2>Letalidade<\/h2>\n<p>O m\u00e9dico infectologista da Faculdade de Medicina da USP (FMUSP) Evaldo Stanislau Afonso de Ara\u00fajo tamb\u00e9m destacou que a letalidade do coronav\u00edrus \u00e9 maior nas \u00e1reas perif\u00e9ricas, que contam com menos estrutura de atendimento em sa\u00fade. Na <a href=\"https:\/\/www.redebrasilatual.com.br\/cidadania\/2020\/04\/casos-coronavirus-sao-paulo\/\" target=\"_blank\" rel=\"noopener noreferrer\">cidade de S\u00e3o Paulo<\/a>, por exemplo, os tr\u00eas distritos mais atingidos com o maior n\u00famero de casos est\u00e3o nas zonas mais ricas da cidade, de acordo com boletim divulgado pela secretaria municipal de sa\u00fade na \u00faltima sexta-feira (17). Mas os tr\u00eas distritos que tem mais mortes est\u00e3o na periferia.<\/p>\n<p>\u201c\u00c9 mais um componente desse momento que nos preocupa, que \u00e9 essa caracter\u00edstica da desigualdade da doen\u00e7a. Ela \u00e9 democr\u00e1tica, acomete a todos, mas sobretudo as classes mais humildes, as popula\u00e7\u00f5es das zonas perif\u00e9ricas v\u00e3o ser mais impactadas do que as pessoas que t\u00eam uma condi\u00e7\u00e3o social melhor\u201d, afirmou em aos jornalistas Marilu Caba\u00f1as e Glauco Faria, para o <em><a href=\"https:\/\/www.youtube.com\/watch?v=c7sdnZpO4JI\" target=\"_blank\" rel=\"noopener noreferrer\">Jornal Brasil Atual<\/a><\/em>, nesta segunda-feira (20).<\/p>\n<h2>Isolamento<\/h2>\n<p>A queda no isolamento social, que na semana passada registrou as menores taxas desde o in\u00edcio da pandemia, chegando a apenas 46,2%, tamb\u00e9m \u00e9 \u201cabsolutamente preocupante\u201d, segundo Afonso de Ara\u00fajo. Ele atribui a redu\u00e7\u00e3o a \u201cdiscursos irrespons\u00e1veis\u201d de autoridades, como do presidente Jair Bolsonaro, que nesta domingo (19), voltou a ignorar as recomenda\u00e7\u00f5es da Organiza\u00e7\u00e3o Mundial da Sa\u00fade (OMS) e <a href=\"https:\/\/www.redebrasilatual.com.br\/politica\/2020\/04\/tossindo-muito-bolsonaro-discursa-em-ato-que-pede-intervencao-militar\/\" target=\"_blank\" rel=\"noopener noreferrer\">se reuniu com apoiadores<\/a> em frente em quartel-general do Ex\u00e9rcito, em Bras\u00edlia.<\/p>\n<p>\u201cParece que as pessoas incorporaram esse discurso irrespons\u00e1vel de algumas autoridades, de que tem que abrir tudo, sen\u00e3o a economia vai sofrer. N\u00e3o est\u00e3o entendendo que, para que a economia esteja viva e cres\u00e7a, a gente tem que ter pessoas vivendo. Nosso primeiro compromisso \u00e9 com a vida. Primeiro a gente vence essa guerra com a covid-19, depois a gente se recupera.\u201d<\/p>\n<p>Ele disse que, com as atitudes de Bolsonaro, o Brasil se alinha ao que \u201ch\u00e1 de pior\u201d no mundo, do ponto de vista das posturas sanit\u00e1rias adotadas diante da pandemia. Aglomera\u00e7\u00f5es como as ocorridas ontem em Bras\u00edlia e algumas outras cidades trazem as condi\u00e7\u00f5es para uma \u201ccadeia perfeita\u201d de transmiss\u00e3o do v\u00edrus, segundo o especialista.<\/p>\n<p>Drauzio Varella tamb\u00e9m destacou que o \u201cisolamento vertical\u201d, pol\u00edtica defendida por Bolsonaro, que prev\u00ea o resguardo apenas para os mais velhos e doentes cr\u00f4nicos, n\u00e3o foi adotado em nenhum lugar do mundo.<\/p>\n<p>\u201cN\u00e3o h\u00e1 prova de que esse isolamento funcione, e provavelmente n\u00e3o vai funcionar mesmo, porque voc\u00ea pode ser jovem mas os brasileiros s\u00e3o greg\u00e1rios, moram muito pr\u00f3ximos, voc\u00ea pode pegar o v\u00edrus na rua e trazer para a sua casa. Nesse momento o que n\u00f3s sabemos fazer \u00e9 isolar. A\u00ed as pessoas dizem: vai dar uma crise econ\u00f4mica. A crise econ\u00f4mica j\u00e1 est\u00e1 estabelecida.\u201d<\/p>\n<p><strong>Fonte: Rede Brasil Atual<\/strong><\/p>\n","protected":false},"excerpt":{"rendered":"<p>O m\u00e9dico oncologista Drauzio Varella afirma que o Brasil vai viver uma \u201ctrag\u00e9dia nacional\u201d em fun\u00e7\u00e3o do n\u00famero de mortes causadas pela pandemia de coronav\u00edrus. \u201cAgora \u00e9 que n\u00f3s vamos pagar o pre\u00e7o por essa desigualdade social com a qual n\u00f3s convivemos por d\u00e9cadas e d\u00e9cadas, aceitando como uma coisa praticamente natural. Agora vem a [&hellip;]<\/p>\n","protected":false},"author":2,"featured_media":8734,"comment_status":"","ping_status":"","sticky":false,"template":"","format":"standard","meta":{"footnotes":""},"categories":[3],"tags":[],"class_list":["post-8735","post","type-post","status-publish","format-standard","has-post-thumbnail","hentry","category-noticias"],"_links":{"self":[{"href":"https:\/\/hostnetart.com.br\/baixada\/wp-json\/wp\/v2\/posts\/8735","targetHints":{"allow":["GET"]}}],"collection":[{"href":"https:\/\/hostnetart.com.br\/baixada\/wp-json\/wp\/v2\/posts"}],"about":[{"href":"https:\/\/hostnetart.com.br\/baixada\/wp-json\/wp\/v2\/types\/post"}],"author":[{"embeddable":true,"href":"https:\/\/hostnetart.com.br\/baixada\/wp-json\/wp\/v2\/users\/2"}],"replies":[{"embeddable":true,"href":"https:\/\/hostnetart.com.br\/baixada\/wp-json\/wp\/v2\/comments?post=8735"}],"version-history":[{"count":0,"href":"https:\/\/hostnetart.com.br\/baixada\/wp-json\/wp\/v2\/posts\/8735\/revisions"}],"wp:featuredmedia":[{"embeddable":true,"href":"https:\/\/hostnetart.com.br\/baixada\/wp-json\/wp\/v2\/media\/8734"}],"wp:attachment":[{"href":"https:\/\/hostnetart.com.br\/baixada\/wp-json\/wp\/v2\/media?parent=8735"}],"wp:term":[{"taxonomy":"category","embeddable":true,"href":"https:\/\/hostnetart.com.br\/baixada\/wp-json\/wp\/v2\/categories?post=8735"},{"taxonomy":"post_tag","embeddable":true,"href":"https:\/\/hostnetart.com.br\/baixada\/wp-json\/wp\/v2\/tags?post=8735"}],"curies":[{"name":"wp","href":"https:\/\/api.w.org\/{rel}","templated":true}]}}