{"id":8731,"date":"2020-04-17T20:38:58","date_gmt":"2020-04-17T23:38:58","guid":{"rendered":"https:\/\/hostnetart.com.br\/baixada\/trabalhadores-do-bradesco-que-estao-em-casa-e-nao-estao-em-teletrabalho-serao-colocados-em-ferias\/"},"modified":"2020-04-17T20:38:58","modified_gmt":"2020-04-17T23:38:58","slug":"trabalhadores-do-bradesco-que-estao-em-casa-e-nao-estao-em-teletrabalho-serao-colocados-em-ferias","status":"publish","type":"post","link":"https:\/\/hostnetart.com.br\/baixada\/trabalhadores-do-bradesco-que-estao-em-casa-e-nao-estao-em-teletrabalho-serao-colocados-em-ferias\/","title":{"rendered":"Trabalhadores do Bradesco que est\u00e3o em casa e n\u00e3o est\u00e3o em teletrabalho ser\u00e3o colocados em f\u00e9rias"},"content":{"rendered":"<div class=\"elementor-element elementor-element-194680ec elementor-widget elementor-widget-theme-post-content\" data-id=\"194680ec\" data-element_type=\"widget\" data-widget_type=\"theme-post-content.default\">\n<div class=\"elementor-widget-container\">\n<p>A coordena\u00e7\u00e3o do Comando Nacional dos Banc\u00e1rios e a Comiss\u00e3o de Organiza\u00e7\u00e3o dos Empregados (COE) do Bradesco se reuniram, na tarde desta sexta-feira (17), com representantes da dire\u00e7\u00e3o do banco para discutir a situa\u00e7\u00e3o dos banc\u00e1rios durante a pandemia do novo coronav\u00edrus (Covid-19).<\/p>\n<p> O principal ponto da pauta foi o questionamento sobre os trabalhadores que est\u00e3o em casa e n\u00e3o est\u00e3o em teletrabalho, como os do grupo de risco, cujas atividades profissionais n\u00e3o podem ser feitas de casa.<\/p>\n<p>O banco disse que pretende usar o saldo de f\u00e9rias vencidas, as f\u00e9rias vencidas e trabalhar com per\u00edodos aquisitivos a vencer. At\u00e9 a semana que vem, as diretorias regionais v\u00e3o divulgar o mapeamento do quantitativo eleg\u00edvel \u00e0s f\u00e9rias. Existem \u00e1reas do banco que est\u00e3o inativas ou que as atividades ca\u00edram muito, como financiamento de carros, que ser\u00e3o envolvidas em maior n\u00famero.<\/p>\n<p> A COE reivindicou n\u00e3o utilizar todo o saldo de f\u00e9rias para que o trabalhador tenha saldo para descanso no p\u00f3s-pandemia. O banco se comprometeu a usar, no m\u00e1ximo, 20 dias de f\u00e9rias.<\/p>\n<p>O Bradesco anunciou ainda que far\u00e1 o pagamento de 1\/3 das f\u00e9rias.<\/p>\n<h3>Outras reivindica\u00e7\u00f5es<\/h3>\n<p>Os representantes dos trabalhadores levaram den\u00fancias sobre o congestionamento do Lig Viva Bem, canal de contato dos banc\u00e1rios com o banco, principalmente, referente ao novo coronav\u00edrus. O Bradesco ir\u00e1 refor\u00e7ar o trabalho para evitar o congestionamento e deu como alternativa o telefone para tirar d\u00favidas sobre o Coronav\u00edrus: 0800-941-63-61.<\/p>\n<p> A COE e o Comando Nacional refor\u00e7aram a preocupa\u00e7\u00e3o sobre o funcionamento dos PABs em hospitais e cobraram o fechamento, devido ao alto \u00edndice de profissionais de sa\u00fade e trabalhadores de hospitais contaminados. O banco tem estudado caso a caso e analisar\u00e1 a quest\u00e3o para dar um retorno \u00e0 representa\u00e7\u00e3o dos trabalhadores.<\/p>\n<p> O movimento sindical ainda cobrou o refor\u00e7o da orienta\u00e7\u00e3o aos regionais e gestores para que n\u00e3o cobrem metas de suas \u00e1reas, ag\u00eancias e funcion\u00e1rios.<\/p>\n<p> \u201c\u00c9 importante a gente manter esse canal de di\u00e1logo para fazermos o poss\u00edvel e o imposs\u00edvel em busca das melhores solu\u00e7\u00f5es para os trabalhadores do banco. Este \u00e9 o momento de nos unirmos para enfrentarmos esse inimigo comum\u201d, afirmou Magaly Fagundes, coordenadora da COE Bradesco.<\/p>\n<p><strong>Fonte: Contraf-CUT<\/strong><\/p>\n<\/div>\n<\/div>\n","protected":false},"excerpt":{"rendered":"<p>A coordena\u00e7\u00e3o do Comando Nacional dos Banc\u00e1rios e a Comiss\u00e3o de Organiza\u00e7\u00e3o dos Empregados (COE) do Bradesco se reuniram, na tarde desta sexta-feira (17), com representantes da dire\u00e7\u00e3o do banco para discutir a situa\u00e7\u00e3o dos banc\u00e1rios durante a pandemia do novo coronav\u00edrus (Covid-19). O principal ponto da pauta foi o questionamento sobre os trabalhadores que [&hellip;]<\/p>\n","protected":false},"author":2,"featured_media":8730,"comment_status":"","ping_status":"","sticky":false,"template":"","format":"standard","meta":{"footnotes":""},"categories":[3],"tags":[],"class_list":["post-8731","post","type-post","status-publish","format-standard","has-post-thumbnail","hentry","category-noticias"],"_links":{"self":[{"href":"https:\/\/hostnetart.com.br\/baixada\/wp-json\/wp\/v2\/posts\/8731","targetHints":{"allow":["GET"]}}],"collection":[{"href":"https:\/\/hostnetart.com.br\/baixada\/wp-json\/wp\/v2\/posts"}],"about":[{"href":"https:\/\/hostnetart.com.br\/baixada\/wp-json\/wp\/v2\/types\/post"}],"author":[{"embeddable":true,"href":"https:\/\/hostnetart.com.br\/baixada\/wp-json\/wp\/v2\/users\/2"}],"replies":[{"embeddable":true,"href":"https:\/\/hostnetart.com.br\/baixada\/wp-json\/wp\/v2\/comments?post=8731"}],"version-history":[{"count":0,"href":"https:\/\/hostnetart.com.br\/baixada\/wp-json\/wp\/v2\/posts\/8731\/revisions"}],"wp:featuredmedia":[{"embeddable":true,"href":"https:\/\/hostnetart.com.br\/baixada\/wp-json\/wp\/v2\/media\/8730"}],"wp:attachment":[{"href":"https:\/\/hostnetart.com.br\/baixada\/wp-json\/wp\/v2\/media?parent=8731"}],"wp:term":[{"taxonomy":"category","embeddable":true,"href":"https:\/\/hostnetart.com.br\/baixada\/wp-json\/wp\/v2\/categories?post=8731"},{"taxonomy":"post_tag","embeddable":true,"href":"https:\/\/hostnetart.com.br\/baixada\/wp-json\/wp\/v2\/tags?post=8731"}],"curies":[{"name":"wp","href":"https:\/\/api.w.org\/{rel}","templated":true}]}}