{"id":873,"date":"2015-06-18T13:42:00","date_gmt":"2015-06-18T16:42:00","guid":{"rendered":"https:\/\/hostnetart.com.br\/baixada\/contraf-recomenda-cuidado-na-adesao-de-aposentadoria-do-bb\/"},"modified":"2015-06-18T13:42:00","modified_gmt":"2015-06-18T16:42:00","slug":"contraf-recomenda-cuidado-na-adesao-de-aposentadoria-do-bb","status":"publish","type":"post","link":"https:\/\/hostnetart.com.br\/baixada\/contraf-recomenda-cuidado-na-adesao-de-aposentadoria-do-bb\/","title":{"rendered":"Contraf recomenda cuidado na ades\u00e3o de aposentadoria do BB"},"content":{"rendered":"<p>A Contraf-CUT manifesta preocupa\u00e7\u00e3o com o processo de ades\u00e3o ao Plano de Aposentadoria Incentivada (PAI), apresentada pelo Banco do Brasil, nesta quarta-feira (17), em reuni\u00e3o com dirigentes sindicais. De acordo com o banco, podem aderir ao Pai os funcion\u00e1rios que, em 19 de maio deste ano, tinham mais de 50 anos de idade e 15 anos de trabalho na institui\u00e7\u00e3o. Para os funcion\u00e1rios oriundos de bancos incorporados ser\u00e1 contado o per\u00edodo incluindo o tempo de banco de origem. Segundo o BB, o plano ser\u00e1 de livre escolha e n\u00e3o haver\u00e1 nenhuma press\u00e3o para ades\u00e3o. <\/p>\n<p>Wagner Nascimento, coordenador da Comiss\u00e3o de Empresa dos Funcion\u00e1rios do BB, explica que o movimento sindical sempre se preocupa com a situa\u00e7\u00e3o dos funcion\u00e1rios que aderem a esse tipo de plano, para que n\u00e3o haja nenhum preju\u00edzo quanto \u00e0 Cassi, Previ e as mesmas situa\u00e7\u00f5es de sa\u00fade e previd\u00eancia dos funcion\u00e1rios oriundos de bancos incorporados. \u201cA fixa\u00e7\u00e3o de um limite de pessoas pode parecer press\u00e3o para ades\u00e3o. Ent\u00e3o, alertamos que cada funcion\u00e1rio fa\u00e7a as simula\u00e7\u00f5es necess\u00e1rias para que a ades\u00e3o seja consciente e sem preju\u00edzo.\u201d<\/p>\n<p>Outra preocupa\u00e7\u00e3o dos representantes dos funcion\u00e1rios \u00e9 sobre as condi\u00e7\u00f5es de trabalho nos locais. \u201cSe houver grande ades\u00e3o, haver\u00e1 mais falta de funcion\u00e1rios para execu\u00e7\u00e3o dos trabalhos di\u00e1rios\u201d, preocupa-se. <\/p>\n<p><strong>PREMISSAS DO PAI<\/strong><br \/>O BB conceder\u00e1 cinco sal\u00e1rios de bonifica\u00e7\u00e3o e mais um pr\u00eamio de pec\u00fania de 2,04 a 2,27 sal\u00e1rios, com teto de at\u00e9 7,27 sal\u00e1rios para funcion\u00e1rios com 35 anos de banco. No caso de tempo inferior, ser\u00e1 feita a proporcionalidade.<\/p>\n<p>O banco tamb\u00e9m informou que haver\u00e1 um limite de 7.100 pessoas para ades\u00e3o e o crit\u00e9rio ser\u00e1 a ordem de inscri\u00e7\u00e3o. O prazo para registro de ades\u00e3o ser\u00e1 de 22 de junho a 10 de julho deste ano. O prazo para desligamento de 13 de julho a 14 de agosto. A rede de ag\u00eancias ter\u00e1 prioridade na reposi\u00e7\u00e3o das vagas.<\/p>\n<p>Todos os funcion\u00e1rios p\u00fablico-alvo podem aderir, menos aqueles com situa\u00e7\u00e3o de contrato suspenso, como licen\u00e7a-interesse ou licen\u00e7a-sa\u00fade, devido \u00e0 necessidade de exame de aptid\u00e3o para desligamento.<\/p>\n<p>Os representantes do funcionalismo solicitaram ao Banco do Brasil a cria\u00e7\u00e3o de canais de informa\u00e7\u00e3o espec\u00edfica para quem est\u00e1 de licen\u00e7a pr\u00eamio ou em VCP (vantagem de car\u00e1ter pessoal) por retorno de licen\u00e7a sa\u00fade, al\u00e9m de outros casos. O funcion\u00e1rio que estiver de f\u00e9rias pode entrar em contato com a Gepes que far\u00e1 a inclus\u00e3o no sistema. <\/p>\n<p>Fonte: Contraf-CUT<\/p>\n","protected":false},"excerpt":{"rendered":"<p>A Contraf-CUT manifesta preocupa\u00e7\u00e3o com o processo de ades\u00e3o ao Plano de Aposentadoria Incentivada (PAI), apresentada pelo Banco do Brasil, nesta quarta-feira (17), em reuni\u00e3o com dirigentes sindicais. De acordo com o banco, podem aderir ao Pai os funcion\u00e1rios que, em 19 de maio deste ano, tinham mais de 50 anos de idade e 15 [&hellip;]<\/p>\n","protected":false},"author":1,"featured_media":0,"comment_status":"","ping_status":"","sticky":false,"template":"","format":"standard","meta":{"footnotes":""},"categories":[3],"tags":[],"class_list":["post-873","post","type-post","status-publish","format-standard","hentry","category-noticias"],"_links":{"self":[{"href":"https:\/\/hostnetart.com.br\/baixada\/wp-json\/wp\/v2\/posts\/873","targetHints":{"allow":["GET"]}}],"collection":[{"href":"https:\/\/hostnetart.com.br\/baixada\/wp-json\/wp\/v2\/posts"}],"about":[{"href":"https:\/\/hostnetart.com.br\/baixada\/wp-json\/wp\/v2\/types\/post"}],"author":[{"embeddable":true,"href":"https:\/\/hostnetart.com.br\/baixada\/wp-json\/wp\/v2\/users\/1"}],"replies":[{"embeddable":true,"href":"https:\/\/hostnetart.com.br\/baixada\/wp-json\/wp\/v2\/comments?post=873"}],"version-history":[{"count":0,"href":"https:\/\/hostnetart.com.br\/baixada\/wp-json\/wp\/v2\/posts\/873\/revisions"}],"wp:attachment":[{"href":"https:\/\/hostnetart.com.br\/baixada\/wp-json\/wp\/v2\/media?parent=873"}],"wp:term":[{"taxonomy":"category","embeddable":true,"href":"https:\/\/hostnetart.com.br\/baixada\/wp-json\/wp\/v2\/categories?post=873"},{"taxonomy":"post_tag","embeddable":true,"href":"https:\/\/hostnetart.com.br\/baixada\/wp-json\/wp\/v2\/tags?post=873"}],"curies":[{"name":"wp","href":"https:\/\/api.w.org\/{rel}","templated":true}]}}