{"id":8729,"date":"2020-04-17T18:05:13","date_gmt":"2020-04-17T21:05:13","guid":{"rendered":"https:\/\/hostnetart.com.br\/baixada\/sindicatos-lutam-para-preservar-o-emprego-e-a-saude-do-trabalhador-durante-a-pandemia\/"},"modified":"2020-04-17T18:05:13","modified_gmt":"2020-04-17T21:05:13","slug":"sindicatos-lutam-para-preservar-o-emprego-e-a-saude-do-trabalhador-durante-a-pandemia","status":"publish","type":"post","link":"https:\/\/hostnetart.com.br\/baixada\/sindicatos-lutam-para-preservar-o-emprego-e-a-saude-do-trabalhador-durante-a-pandemia\/","title":{"rendered":"Sindicatos lutam para preservar o emprego e a sa\u00fade do trabalhador durante a pandemia"},"content":{"rendered":"<p>Desde o in\u00edcio da pandemia de coronav\u00edrus, sindicatos de diferentes categorias em todo o Brasil t\u00eam buscado garantir os direitos dos trabalhadores, amea\u00e7ados por iniciativas do pr\u00f3prio governo, como \u00e9 o caso da aprova\u00e7\u00e3o na C\u00e2mara da <a href=\"https:\/\/www.redebrasilatual.com.br\/trabalho\/2020\/04\/carteira-verde-e-amarela-vai-causar-demissao-e-reducao-de-salario-diz-dieese\/\" target=\"_blank\" rel=\"noopener noreferrer\">Medida Provis\u00f3ria (MP) 905<\/a>, que institui a carteira \u201cverde e amarela\u201d.<\/p>\n<p>Foram 38 acordos firmados, nos \u00faltimos dois meses, no setores do com\u00e9rcio, ind\u00fastria, bancos, constru\u00e7\u00e3o civil, sa\u00fade, transportes, teleatendimento, vestu\u00e1rio, hot\u00e9is e restaurantes. S\u00e3o acordos coletivos, emergenciais, provis\u00f3rios ou que adicionam cl\u00e1usulas \u00e0s negocia\u00e7\u00f5es anteriores.<\/p>\n<p>Segundo <a href=\"https:\/\/www.dieese.org.br\/estudosepesquisas\/2020\/estPesq91AcordosCovid.html\" target=\"_blank\" rel=\"noopener noreferrer\">levantamento<\/a> realizado pelo Dieese, destacam-se medidas para preservar a sa\u00fade dos trabalhadores, como a\u00e7\u00f5es de preven\u00e7\u00e3o e higiene no ambiente de trabalho. E tamb\u00e9m para garantir a estabilidade no emprego.<\/p>\n<p>S\u00e3o licen\u00e7as remuneradas, f\u00e9rias individuais ou coletivas, suspens\u00e3o tempor\u00e1ria do contrato de trabalho \u2013 o chamado <em>lay-off<\/em> \u2013, al\u00e9m da redu\u00e7\u00e3o parcial das jornadas e sal\u00e1rios e at\u00e9 licen\u00e7as n\u00e3o remuneradas, em \u00faltimo caso.<\/p>\n<h2>Esfor\u00e7o coletivo<\/h2>\n<p>Apesar dos acordos individuais previstos na <a href=\"https:\/\/www.redebrasilatual.com.br\/trabalho\/2020\/04\/pane-interrompe-julgamento-da-mp-936-relator-valida-acordos-individuais\/\" target=\"_blank\" rel=\"noopener noreferrer\">MP 936<\/a> \u2013 outra medida do governo que ataca direitos \u2013 o diretor t\u00e9cnico do Dieese, Fausto Augusto Junior, destaca a import\u00e2ncia dos sindicatos. Mesmo quando negociar sozinho, o trabalhador deve procurar orienta\u00e7\u00f5es junto \u00e0 entidade que o representa.<\/p>\n<p>\u201cEssa \u00e9 a fun\u00e7\u00e3o dos sindicatos. O principal objetivo, nesse momento, \u00e9 a prote\u00e7\u00e3o da vida e dos empregos dos trabalhadores\u201d, afirma Fausto a Glauco Faria, para o <em><a href=\"https:\/\/www.youtube.com\/watch?v=uMvBFOJW0Y0\" target=\"_blank\" rel=\"noopener noreferrer\">Jornal Brasil Atual<\/a><\/em> desta sexta-feira (17). Ele tamb\u00e9m destaca que as entidades sindicais t\u00eam buscado inova\u00e7\u00f5es, como a realiza\u00e7\u00e3o de assembleias virtuais e o estabelecimento de canais eletr\u00f4nicos de informa\u00e7\u00e3o para auxiliar os trabalhadores. Tamb\u00e9m t\u00eam adotado medidas que buscam dar mais agilidade aos acordos.<\/p>\n<p>O diretor do Dieese ressalta que a participa\u00e7\u00e3o dos sindicatos \u00e9 importante n\u00e3o apenas para garantir a preserva\u00e7\u00e3o dos direitos dos trabalhadores, como tamb\u00e9m oferece \u201cseguran\u00e7a jur\u00eddica\u201d \u00e0s empresas. Segundo ele, a busca de entendimento entre patr\u00f5es e empregados \u00e9 importante para manter o funcionamento de importantes setores da economia.<\/p>\n<p><strong>Fonte: Rede Brasil Atual<\/strong><\/p>\n","protected":false},"excerpt":{"rendered":"<p>Desde o in\u00edcio da pandemia de coronav\u00edrus, sindicatos de diferentes categorias em todo o Brasil t\u00eam buscado garantir os direitos dos trabalhadores, amea\u00e7ados por iniciativas do pr\u00f3prio governo, como \u00e9 o caso da aprova\u00e7\u00e3o na C\u00e2mara da Medida Provis\u00f3ria (MP) 905, que institui a carteira \u201cverde e amarela\u201d. Foram 38 acordos firmados, nos \u00faltimos dois [&hellip;]<\/p>\n","protected":false},"author":2,"featured_media":8728,"comment_status":"","ping_status":"","sticky":false,"template":"","format":"standard","meta":{"footnotes":""},"categories":[3],"tags":[],"class_list":["post-8729","post","type-post","status-publish","format-standard","has-post-thumbnail","hentry","category-noticias"],"_links":{"self":[{"href":"https:\/\/hostnetart.com.br\/baixada\/wp-json\/wp\/v2\/posts\/8729","targetHints":{"allow":["GET"]}}],"collection":[{"href":"https:\/\/hostnetart.com.br\/baixada\/wp-json\/wp\/v2\/posts"}],"about":[{"href":"https:\/\/hostnetart.com.br\/baixada\/wp-json\/wp\/v2\/types\/post"}],"author":[{"embeddable":true,"href":"https:\/\/hostnetart.com.br\/baixada\/wp-json\/wp\/v2\/users\/2"}],"replies":[{"embeddable":true,"href":"https:\/\/hostnetart.com.br\/baixada\/wp-json\/wp\/v2\/comments?post=8729"}],"version-history":[{"count":0,"href":"https:\/\/hostnetart.com.br\/baixada\/wp-json\/wp\/v2\/posts\/8729\/revisions"}],"wp:featuredmedia":[{"embeddable":true,"href":"https:\/\/hostnetart.com.br\/baixada\/wp-json\/wp\/v2\/media\/8728"}],"wp:attachment":[{"href":"https:\/\/hostnetart.com.br\/baixada\/wp-json\/wp\/v2\/media?parent=8729"}],"wp:term":[{"taxonomy":"category","embeddable":true,"href":"https:\/\/hostnetart.com.br\/baixada\/wp-json\/wp\/v2\/categories?post=8729"},{"taxonomy":"post_tag","embeddable":true,"href":"https:\/\/hostnetart.com.br\/baixada\/wp-json\/wp\/v2\/tags?post=8729"}],"curies":[{"name":"wp","href":"https:\/\/api.w.org\/{rel}","templated":true}]}}