{"id":8725,"date":"2020-04-17T18:02:53","date_gmt":"2020-04-17T21:02:53","guid":{"rendered":"https:\/\/hostnetart.com.br\/baixada\/contraf-cut-cobra-caixa-por-pagamento-da-promocao-por-merito\/"},"modified":"2020-04-17T18:02:53","modified_gmt":"2020-04-17T21:02:53","slug":"contraf-cut-cobra-caixa-por-pagamento-da-promocao-por-merito","status":"publish","type":"post","link":"https:\/\/hostnetart.com.br\/baixada\/contraf-cut-cobra-caixa-por-pagamento-da-promocao-por-merito\/","title":{"rendered":"Contraf-CUT cobra Caixa por pagamento da promo\u00e7\u00e3o por m\u00e9rito"},"content":{"rendered":"<p>A Confedera\u00e7\u00e3o Nacional dos Trabalhadores do Ramo Financeiro (Contraf-CUT) cobrou a Caixa Econ\u00f4mica Federal sobre o pagamento da promo\u00e7\u00e3o por m\u00e9rito ano-base 2019. <a href=\"https:\/\/contrafcut.com.br\/noticias\/caixa-vai-pagar-promocao-por-merito-em-abril\/\" target=\"_blank\" rel=\"noopener noreferrer\">Na negocia\u00e7\u00e3o realizada no in\u00edcio do m\u00eas, o banco tinha anunciado que faria o pagamento em abril<\/a>. Por\u00e9m, os empregados viram no comprovante de pagamento que o delta n\u00e3o foi lan\u00e7ado.<\/p>\n<p>\u201cEsta \u00e9 mais uma conquista dos empregados da Caixa e que veio depois de muita luta. Garantimos no ACT e estamos cobrando o compromisso da Caixa quanto ao pagamento\u201d, afirmou Fabiana Uehara Proscholdt, secret\u00e1ria da Cultura e representante da Contraf-CUT nas negocia\u00e7\u00f5es com o banco.<\/p>\n<p>Segundo informa\u00e7\u00f5es da Caixa, o delta ser\u00e1 pago ainda este m\u00eas.<\/p>\n<p><strong>Fonte: Contraf-CUT<\/strong><\/p>\n","protected":false},"excerpt":{"rendered":"<p>A Confedera\u00e7\u00e3o Nacional dos Trabalhadores do Ramo Financeiro (Contraf-CUT) cobrou a Caixa Econ\u00f4mica Federal sobre o pagamento da promo\u00e7\u00e3o por m\u00e9rito ano-base 2019. Na negocia\u00e7\u00e3o realizada no in\u00edcio do m\u00eas, o banco tinha anunciado que faria o pagamento em abril. Por\u00e9m, os empregados viram no comprovante de pagamento que o delta n\u00e3o foi lan\u00e7ado. \u201cEsta [&hellip;]<\/p>\n","protected":false},"author":2,"featured_media":8724,"comment_status":"","ping_status":"","sticky":false,"template":"","format":"standard","meta":{"footnotes":""},"categories":[3],"tags":[],"class_list":["post-8725","post","type-post","status-publish","format-standard","has-post-thumbnail","hentry","category-noticias"],"_links":{"self":[{"href":"https:\/\/hostnetart.com.br\/baixada\/wp-json\/wp\/v2\/posts\/8725","targetHints":{"allow":["GET"]}}],"collection":[{"href":"https:\/\/hostnetart.com.br\/baixada\/wp-json\/wp\/v2\/posts"}],"about":[{"href":"https:\/\/hostnetart.com.br\/baixada\/wp-json\/wp\/v2\/types\/post"}],"author":[{"embeddable":true,"href":"https:\/\/hostnetart.com.br\/baixada\/wp-json\/wp\/v2\/users\/2"}],"replies":[{"embeddable":true,"href":"https:\/\/hostnetart.com.br\/baixada\/wp-json\/wp\/v2\/comments?post=8725"}],"version-history":[{"count":0,"href":"https:\/\/hostnetart.com.br\/baixada\/wp-json\/wp\/v2\/posts\/8725\/revisions"}],"wp:featuredmedia":[{"embeddable":true,"href":"https:\/\/hostnetart.com.br\/baixada\/wp-json\/wp\/v2\/media\/8724"}],"wp:attachment":[{"href":"https:\/\/hostnetart.com.br\/baixada\/wp-json\/wp\/v2\/media?parent=8725"}],"wp:term":[{"taxonomy":"category","embeddable":true,"href":"https:\/\/hostnetart.com.br\/baixada\/wp-json\/wp\/v2\/categories?post=8725"},{"taxonomy":"post_tag","embeddable":true,"href":"https:\/\/hostnetart.com.br\/baixada\/wp-json\/wp\/v2\/tags?post=8725"}],"curies":[{"name":"wp","href":"https:\/\/api.w.org\/{rel}","templated":true}]}}