{"id":8723,"date":"2020-04-17T15:54:10","date_gmt":"2020-04-17T18:54:10","guid":{"rendered":"https:\/\/hostnetart.com.br\/baixada\/comando-nacional-dos-bancarios-se-reune-com-bradesco-hoje-17\/"},"modified":"2020-04-17T15:54:10","modified_gmt":"2020-04-17T18:54:10","slug":"comando-nacional-dos-bancarios-se-reune-com-bradesco-hoje-17","status":"publish","type":"post","link":"https:\/\/hostnetart.com.br\/baixada\/comando-nacional-dos-bancarios-se-reune-com-bradesco-hoje-17\/","title":{"rendered":"Comando Nacional dos Banc\u00e1rios se re\u00fane com Bradesco hoje (17)"},"content":{"rendered":"<p>A coordena\u00e7\u00e3o do Comando Nacional dos Banc\u00e1rios e a Comiss\u00e3o de Organiza\u00e7\u00e3o dos Empregados (COE) do Bradesco se re\u00fanem, na tarde desta sexta-feira (17), com a dire\u00e7\u00e3o do banco para discutir a situa\u00e7\u00e3o dos banc\u00e1rios durante a pandemia do coronav\u00edrus (Covid 19).<\/p>\n<p> O principal ponto da pauta s\u00e3o os trabalhadores que est\u00e3o em casa e n\u00e3o est\u00e3o em teletrabalho, como os do grupo de risco, cujas atividades profissionais n\u00e3o podem ser feitas de casa. \u201cPrecisamos manter a mesa de negocia\u00e7\u00e3o com o banco, queremos saber como ficar\u00e1 a situa\u00e7\u00e3o desses trabalhadores.\u201d, explicou Magaly Fagundes, coordenador da COE Bradesco.<\/p>\n<p><strong>Fonte: Contraf-CUT<\/strong><\/p>\n","protected":false},"excerpt":{"rendered":"<p>A coordena\u00e7\u00e3o do Comando Nacional dos Banc\u00e1rios e a Comiss\u00e3o de Organiza\u00e7\u00e3o dos Empregados (COE) do Bradesco se re\u00fanem, na tarde desta sexta-feira (17), com a dire\u00e7\u00e3o do banco para discutir a situa\u00e7\u00e3o dos banc\u00e1rios durante a pandemia do coronav\u00edrus (Covid 19). O principal ponto da pauta s\u00e3o os trabalhadores que est\u00e3o em casa e [&hellip;]<\/p>\n","protected":false},"author":2,"featured_media":8722,"comment_status":"","ping_status":"","sticky":false,"template":"","format":"standard","meta":{"footnotes":""},"categories":[3],"tags":[],"class_list":["post-8723","post","type-post","status-publish","format-standard","has-post-thumbnail","hentry","category-noticias"],"_links":{"self":[{"href":"https:\/\/hostnetart.com.br\/baixada\/wp-json\/wp\/v2\/posts\/8723","targetHints":{"allow":["GET"]}}],"collection":[{"href":"https:\/\/hostnetart.com.br\/baixada\/wp-json\/wp\/v2\/posts"}],"about":[{"href":"https:\/\/hostnetart.com.br\/baixada\/wp-json\/wp\/v2\/types\/post"}],"author":[{"embeddable":true,"href":"https:\/\/hostnetart.com.br\/baixada\/wp-json\/wp\/v2\/users\/2"}],"replies":[{"embeddable":true,"href":"https:\/\/hostnetart.com.br\/baixada\/wp-json\/wp\/v2\/comments?post=8723"}],"version-history":[{"count":0,"href":"https:\/\/hostnetart.com.br\/baixada\/wp-json\/wp\/v2\/posts\/8723\/revisions"}],"wp:featuredmedia":[{"embeddable":true,"href":"https:\/\/hostnetart.com.br\/baixada\/wp-json\/wp\/v2\/media\/8722"}],"wp:attachment":[{"href":"https:\/\/hostnetart.com.br\/baixada\/wp-json\/wp\/v2\/media?parent=8723"}],"wp:term":[{"taxonomy":"category","embeddable":true,"href":"https:\/\/hostnetart.com.br\/baixada\/wp-json\/wp\/v2\/categories?post=8723"},{"taxonomy":"post_tag","embeddable":true,"href":"https:\/\/hostnetart.com.br\/baixada\/wp-json\/wp\/v2\/tags?post=8723"}],"curies":[{"name":"wp","href":"https:\/\/api.w.org\/{rel}","templated":true}]}}