{"id":8721,"date":"2020-04-17T15:52:28","date_gmt":"2020-04-17T18:52:28","guid":{"rendered":"https:\/\/hostnetart.com.br\/baixada\/bancarixs-na-luta-contra-a-covid-19\/"},"modified":"2020-04-17T15:52:28","modified_gmt":"2020-04-17T18:52:28","slug":"bancarixs-na-luta-contra-a-covid-19","status":"publish","type":"post","link":"https:\/\/hostnetart.com.br\/baixada\/bancarixs-na-luta-contra-a-covid-19\/","title":{"rendered":"Banc\u00e1rixs na luta contra a Covid-19"},"content":{"rendered":"<div class=\"elementor-element elementor-element-194680ec elementor-widget elementor-widget-theme-post-content\" data-id=\"194680ec\" data-element_type=\"widget\" data-widget_type=\"theme-post-content.default\">\n<div class=\"elementor-widget-container\">\n<p>O Sindicato dos Banc\u00e1rios da Baixada Fluminense e sindicatos dxs banc\u00e1rixs de todo o pa\u00eds, agiram r\u00e1pido nos cuidados com a sa\u00fade da categoria. No dia 11 de mar\u00e7o, a Organiza\u00e7\u00e3o Mundial da Sa\u00fade decretou status de pandemia da Covid-19. No dia seguinte, foram feitas as <a href=\"https:\/\/contrafcut.com.br\/noticias\/comando-nacional-dos-bancarios-solicita-informacoes-a-fenaban-sobre-coronavirus\/\" target=\"_blank\" rel=\"noopener noreferrer\">primeiras reivindica\u00e7\u00f5es aos bancos<\/a>. De l\u00e1 pra c\u00e1, <a href=\"https:\/\/contrafcut.com.br\/noticias\/covid-19-comando-faz-balanco-das-medidas-negociadas-e-apresenta-novas-reivindicacoes-aos-bancos\/\" target=\"_blank\" rel=\"noopener noreferrer\">um m\u00eas se passou<\/a> e muitas medidas foram adotadas gra\u00e7as aos pedidos e acompanhamento da representa\u00e7\u00e3o dxs trabalhadorxs.<\/p>\n<p>A prioridade, no momento, \u00e9 acabar com as aglomera\u00e7\u00f5es nas ag\u00eancias e em seus entornos, al\u00e9m de tentar evitar que xs banc\u00e1rixs sejam prejudicadxs pelas medidas autorizadas pelo governo e adotadas pelos bancos. #FechaComAGente?<\/p>\n<h3><strong>Hist\u00f3rico das negocia\u00e7\u00f5es<\/strong><\/h3>\n<ul>\n<li><strong>No dia 12\/3<\/strong>, um dia depois que a OMS decretou status de pandemia da Covid-19, o Comando Nacional dos Banc\u00e1rios mandou um of\u00edcio para a Federa\u00e7\u00e3o Nacional dos Bancos (Fenaban) com as <a href=\"https:\/\/contrafcut.com.br\/noticias\/comando-nacional-dos-bancarios-solicita-informacoes-a-fenaban-sobre-coronavirus\/\" target=\"_blank\" rel=\"noopener noreferrer\">primeiras reivindica\u00e7\u00f5es<\/a> e o pedido de reuni\u00e3o de negocia\u00e7\u00e3o.<\/li>\n<li><strong>No dia 16\/3<\/strong>, quando ocorreu a primeira reuni\u00e3o de negocia\u00e7\u00e3o, foi <a href=\"https:\/\/contrafcut.com.br\/noticias\/coronavirus-comando-nacional-cria-comite-de-crise-com-bancos\/\" target=\"_blank\" rel=\"noopener noreferrer\">criado o comit\u00ea de crise<\/a>, formado pelo Comando e pela Fenaban.<\/li>\n<li><strong>No dia 18\/3<\/strong>, o Comando enviou um of\u00edcio ao Banco Central solicitando a redu\u00e7\u00e3o do hor\u00e1rio de atendimento dos bancos. No dia 19, o BC publicou uma <a href=\"https:\/\/contrafcut.com.br\/noticias\/banco-central-atende-reivindicacoes-da-contraf-cut\/\" target=\"_blank\" rel=\"noopener noreferrer\">resolu\u00e7\u00e3o atendendo ao pedido<\/a>.<\/li>\n<li><strong>No dia 20\/3<\/strong>, o Comando enviou <a href=\"https:\/\/contrafcut.com.br\/noticias\/comando-nacional-manda-oficio-ao-bb-e-caixa-pedindo-fim-das-aglomeracoes-de-clientes-nas-agencias\/\" target=\"_blank\" rel=\"noopener noreferrer\">of\u00edcio ao BB e \u00e0 Caixa<\/a> solicitando medidas contra as aglomera\u00e7\u00f5es.<\/li>\n<li><strong>No dia 23\/3,<\/strong> ocorreu a segunda reuni\u00e3o entre o Comando e a Fenaban, onde foram apresentadas <a href=\"https:\/\/contrafcut.com.br\/noticias\/coronavirus-comando-nacional-dos-bancarios-cobra-da-fenaban-que-bancarios-so-atendam-servicos-essenciais\/\" target=\"_blank\" rel=\"noopener noreferrer\">outras 17 reivindica\u00e7\u00f5es<\/a>, entre elas, o pedido de n\u00e3o haver demiss\u00e3o durante a pandemia.<\/li>\n<li><strong>No dia 24\/3<\/strong>, os bancos <a href=\"https:\/\/contrafcut.com.br\/noticias\/depois-de-cobranca-do-comando-nacional-itau-suspende-demissoes\/\" target=\"_blank\" rel=\"noopener noreferrer\">Ita\u00fa<\/a> e <a href=\"https:\/\/contrafcut.com.br\/noticias\/santander-atende-pedido-do-comando-dos-bancarios-e-nao-demitira-durante-a-pandemia\/\" target=\"_blank\" rel=\"noopener noreferrer\">Santander<\/a> informaram ao Comando Nacional dxs Banc\u00e1rixs que acataram a reivindica\u00e7\u00e3o e que <a href=\"https:\/\/contrafcut.com.br\/noticias\/comando-nacional-dos-bancarios-conquista-garantia-dos-empregos-no-itau-e-santander\/\" target=\"_blank\" rel=\"noopener noreferrer\">n\u00e3o demitir\u00e3o<\/a> trabalhadorxs enquanto a pandemia gerada pelo novo coronav\u00edrus (Covid-19) n\u00e3o for dissipada.<\/li>\n<li><strong>No dia 30\/3<\/strong>, mesmo ap\u00f3s a publica\u00e7\u00e3o da MP 927 e de outras medidas e declara\u00e7\u00f5es do presidente Bolsonaro incentivando a retomada das atividades, os <a href=\"https:\/\/contrafcut.com.br\/noticias\/coronavirus-bancos-se-comprometem-a-manter-o-home-office\/\" target=\"_blank\" rel=\"noopener noreferrer\">bancos se comprometeram a manter trabalhadorxs em casa<\/a>.<\/li>\n<li><strong>No dia 8\/4<\/strong>, o <a href=\"https:\/\/contrafcut.com.br\/noticias\/depois-de-cobranca-do-comando-nacional-dos-bancarios-bradesco-assume-o-compromisso-de-nao-demissao\/\" target=\"_blank\" rel=\"noopener noreferrer\">Bradesco tamb\u00e9m assumiu o compromisso<\/a> de n\u00e3o demitir funcion\u00e1rixs enquanto perdurar a pandemia. Com isso, os tr\u00eas maiores bancos privados do pa\u00eds n\u00e3o demitir\u00e3o, durante a pandemia.<\/li>\n<li><strong>No dia 13\/4<\/strong>, em reuni\u00e3o com o Comando Nacional dxs Banc\u00e1rixs, os bancos informaram que v\u00e3o atender reivindica\u00e7\u00e3o para oferecer m\u00e1scaras com frente de acetato e <a href=\"https:\/\/contrafcut.com.br\/noticias\/covid-19-comando-faz-balanco-das-medidas-negociadas-e-apresenta-novas-reivindicacoes-aos-bancos\/\" target=\"_blank\" rel=\"noopener noreferrer\">instalar barreiras de acr\u00edlico<\/a> nos locais de atendimento das ag\u00eancias.<\/li>\n<\/ul>\n<h3><strong>Sempre na luta!<\/strong><\/h3>\n<p>Neste per\u00edodo de pandemia, ficou bem evidente a atua\u00e7\u00e3o do movimento sindical em defesa dxs banc\u00e1rixs. Mas, voc\u00ea sabia que a <a href=\"https:\/\/www.youtube.com\/watch?v=xZklvKqX4qs&amp;list=PLUA9wyfilLlv9sdwMYl4Qf0AaMIGvmAu4\" target=\"_blank\" rel=\"noopener noreferrer\">PLR tamb\u00e9m \u00e9 fruto da a\u00e7\u00e3o dos sindicatos<\/a>? Os <a href=\"https:\/\/www.youtube.com\/watch?v=dm1N0pbyJfM&amp;list=PLUA9wyfilLlv9sdwMYl4Qf0AaMIGvmAu4&amp;index=3&amp;t=3s\" target=\"_blank\" rel=\"noopener noreferrer\">vales refei\u00e7\u00e3o e alimenta\u00e7\u00e3o<\/a>, o <a href=\"https:\/\/www.youtube.com\/watch?v=uGw6KIlbBu0\" target=\"_blank\" rel=\"noopener noreferrer\">conv\u00eanio m\u00e9dico<\/a> e tudo aquilo que os bancos dizem ser \u201cbenef\u00edcios\u201d s\u00e3o, na verdade, conquistas da luta da categoria.<\/p>\n<p>Se liga na campanha <a href=\"https:\/\/contrafcut.com.br\/fecha-com-a-gente\/\" target=\"_blank\" rel=\"noopener noreferrer\">#FechaComAGente<\/a> e veja o que mais os sindicatos e a mobiliza\u00e7\u00e3o da categoria conquistaram.<\/p>\n<p><strong>Fonte: Contraf-CUT<\/strong><\/p>\n<\/div>\n<\/div>\n","protected":false},"excerpt":{"rendered":"<p>O Sindicato dos Banc\u00e1rios da Baixada Fluminense e sindicatos dxs banc\u00e1rixs de todo o pa\u00eds, agiram r\u00e1pido nos cuidados com a sa\u00fade da categoria. No dia 11 de mar\u00e7o, a Organiza\u00e7\u00e3o Mundial da Sa\u00fade decretou status de pandemia da Covid-19. No dia seguinte, foram feitas as primeiras reivindica\u00e7\u00f5es aos bancos. De l\u00e1 pra c\u00e1, um [&hellip;]<\/p>\n","protected":false},"author":2,"featured_media":8720,"comment_status":"","ping_status":"","sticky":false,"template":"","format":"standard","meta":{"footnotes":""},"categories":[3],"tags":[],"class_list":["post-8721","post","type-post","status-publish","format-standard","has-post-thumbnail","hentry","category-noticias"],"_links":{"self":[{"href":"https:\/\/hostnetart.com.br\/baixada\/wp-json\/wp\/v2\/posts\/8721","targetHints":{"allow":["GET"]}}],"collection":[{"href":"https:\/\/hostnetart.com.br\/baixada\/wp-json\/wp\/v2\/posts"}],"about":[{"href":"https:\/\/hostnetart.com.br\/baixada\/wp-json\/wp\/v2\/types\/post"}],"author":[{"embeddable":true,"href":"https:\/\/hostnetart.com.br\/baixada\/wp-json\/wp\/v2\/users\/2"}],"replies":[{"embeddable":true,"href":"https:\/\/hostnetart.com.br\/baixada\/wp-json\/wp\/v2\/comments?post=8721"}],"version-history":[{"count":0,"href":"https:\/\/hostnetart.com.br\/baixada\/wp-json\/wp\/v2\/posts\/8721\/revisions"}],"wp:featuredmedia":[{"embeddable":true,"href":"https:\/\/hostnetart.com.br\/baixada\/wp-json\/wp\/v2\/media\/8720"}],"wp:attachment":[{"href":"https:\/\/hostnetart.com.br\/baixada\/wp-json\/wp\/v2\/media?parent=8721"}],"wp:term":[{"taxonomy":"category","embeddable":true,"href":"https:\/\/hostnetart.com.br\/baixada\/wp-json\/wp\/v2\/categories?post=8721"},{"taxonomy":"post_tag","embeddable":true,"href":"https:\/\/hostnetart.com.br\/baixada\/wp-json\/wp\/v2\/tags?post=8721"}],"curies":[{"name":"wp","href":"https:\/\/api.w.org\/{rel}","templated":true}]}}