{"id":8715,"date":"2020-04-17T04:10:20","date_gmt":"2020-04-17T07:10:20","guid":{"rendered":"https:\/\/hostnetart.com.br\/baixada\/comando-nacional-dos-bancarios-se-reune-com-itau-na-segunda-feira-20\/"},"modified":"2020-04-17T04:10:20","modified_gmt":"2020-04-17T07:10:20","slug":"comando-nacional-dos-bancarios-se-reune-com-itau-na-segunda-feira-20","status":"publish","type":"post","link":"https:\/\/hostnetart.com.br\/baixada\/comando-nacional-dos-bancarios-se-reune-com-itau-na-segunda-feira-20\/","title":{"rendered":"Comando Nacional dos Banc\u00e1rios se re\u00fane com Ita\u00fa na segunda-feira (20)"},"content":{"rendered":"<p>A coordena\u00e7\u00e3o do Comando Nacional dos Banc\u00e1rios e a Comiss\u00e3o de Organiza\u00e7\u00e3o dos Empregados (COE) do Ita\u00fa se re\u00fanem, na manh\u00e3 de segunda-feira (20), com a dire\u00e7\u00e3o do banco para discutir a situa\u00e7\u00e3o dos banc\u00e1rios durante a pandemia do coronav\u00edrus (Covid 19).<\/p>\n<p> O principal ponto da pauta s\u00e3o os trabalhadores que est\u00e3o em casa e n\u00e3o est\u00e3o em teletrabalho, como os do grupo de risco, cujas atividades profissionais n\u00e3o podem ser feitas de casa. \u201cN\u00f3s queremos saber como ficar\u00e1 a situa\u00e7\u00e3o desses trabalhadores, que est\u00e3o afastados h\u00e1 um tempo e o per\u00edodo de f\u00e9rias e at\u00e9 o banco de horas est\u00e1 para acabar\u201d, salientou Jair Alves, coordenador da COE Ita\u00fa.<\/p>\n<p> Na ter\u00e7a-feira (14), a COE se reuniu por videoconfer\u00eancia. Os empregados relatam diversas ocorr\u00eancias Brasil afora. As pend\u00eancias ser\u00e3o abordadas na reuni\u00e3o.<\/p>\n<p><strong>Fonte: Contraf-CUT<\/strong><\/p>\n","protected":false},"excerpt":{"rendered":"<p>A coordena\u00e7\u00e3o do Comando Nacional dos Banc\u00e1rios e a Comiss\u00e3o de Organiza\u00e7\u00e3o dos Empregados (COE) do Ita\u00fa se re\u00fanem, na manh\u00e3 de segunda-feira (20), com a dire\u00e7\u00e3o do banco para discutir a situa\u00e7\u00e3o dos banc\u00e1rios durante a pandemia do coronav\u00edrus (Covid 19). O principal ponto da pauta s\u00e3o os trabalhadores que est\u00e3o em casa e [&hellip;]<\/p>\n","protected":false},"author":2,"featured_media":8714,"comment_status":"","ping_status":"","sticky":false,"template":"","format":"standard","meta":{"footnotes":""},"categories":[3],"tags":[],"class_list":["post-8715","post","type-post","status-publish","format-standard","has-post-thumbnail","hentry","category-noticias"],"_links":{"self":[{"href":"https:\/\/hostnetart.com.br\/baixada\/wp-json\/wp\/v2\/posts\/8715","targetHints":{"allow":["GET"]}}],"collection":[{"href":"https:\/\/hostnetart.com.br\/baixada\/wp-json\/wp\/v2\/posts"}],"about":[{"href":"https:\/\/hostnetart.com.br\/baixada\/wp-json\/wp\/v2\/types\/post"}],"author":[{"embeddable":true,"href":"https:\/\/hostnetart.com.br\/baixada\/wp-json\/wp\/v2\/users\/2"}],"replies":[{"embeddable":true,"href":"https:\/\/hostnetart.com.br\/baixada\/wp-json\/wp\/v2\/comments?post=8715"}],"version-history":[{"count":0,"href":"https:\/\/hostnetart.com.br\/baixada\/wp-json\/wp\/v2\/posts\/8715\/revisions"}],"wp:featuredmedia":[{"embeddable":true,"href":"https:\/\/hostnetart.com.br\/baixada\/wp-json\/wp\/v2\/media\/8714"}],"wp:attachment":[{"href":"https:\/\/hostnetart.com.br\/baixada\/wp-json\/wp\/v2\/media?parent=8715"}],"wp:term":[{"taxonomy":"category","embeddable":true,"href":"https:\/\/hostnetart.com.br\/baixada\/wp-json\/wp\/v2\/categories?post=8715"},{"taxonomy":"post_tag","embeddable":true,"href":"https:\/\/hostnetart.com.br\/baixada\/wp-json\/wp\/v2\/tags?post=8715"}],"curies":[{"name":"wp","href":"https:\/\/api.w.org\/{rel}","templated":true}]}}