{"id":8713,"date":"2020-04-17T04:09:17","date_gmt":"2020-04-17T07:09:17","guid":{"rendered":"https:\/\/hostnetart.com.br\/baixada\/seeb-sp-completa-97-anos-de-historia-de-luta\/"},"modified":"2020-04-17T04:09:17","modified_gmt":"2020-04-17T07:09:17","slug":"seeb-sp-completa-97-anos-de-historia-de-luta","status":"publish","type":"post","link":"https:\/\/hostnetart.com.br\/baixada\/seeb-sp-completa-97-anos-de-historia-de-luta\/","title":{"rendered":"Seeb SP completa 97 anos de hist\u00f3ria de luta"},"content":{"rendered":"<div class=\"elementor-element elementor-element-194680ec elementor-widget elementor-widget-theme-post-content\" data-id=\"194680ec\" data-element_type=\"widget\" data-widget_type=\"theme-post-content.default\">\n<div class=\"elementor-widget-container\">\n<p>O Sindicato dos Banc\u00e1rios de S\u00e3o Paulo, Osasco e regi\u00e3o (Seeb-SP) completa 97 anos neste dia 16 de abril. A hist\u00f3ria de luta e conquistas da entidade se deve a uni\u00e3o dos banc\u00e1rios na luta em defesa dos direitos e, neste momento, durante a pandemia do novo coronav\u00edrus, para garantir servi\u00e7os essenciais \u00e0 popula\u00e7\u00e3o.<\/p>\n<p>A presidenta da Confedera\u00e7\u00e3o Nacional dos Trabalhadores do Ramo Financeiro (Contraf-CUT), Juvandia Moreira, parabenizou a todos os banc\u00e1rios pela luta e resist\u00eancia ao longo desses 97 anos e, principalmente, agora durante a pandemia do novo coronav\u00edrus. \u201cO Seeb SP sempre foi atuante na luta em defesa dos direitos dos trabalhadores, principalmente, agora, neste momento no qual os banc\u00e1rios enfrentam um grande desafio. Os banc\u00e1rios est\u00e3o fazendo um trabalho essencial para a popula\u00e7\u00e3o\u201d, afirmou.<\/p>\n<p>De acordo com a presidenta do Seeb SP, Ivone Silva, ao longo dos seus 97 anos, o sindicato luta incansavelmente para garantir os direitos dos banc\u00e1rios e que, ao longo da pandemia, este legado n\u00e3o tem sido diferente.<\/p>\n<p>\u201cNos \u00faltimos anos, temos sofrido ataques em s\u00e9rie do governo e de parlamentares comprometidos \u00fanica e exclusivamente com os interesses dos banqueiros e dos grandes empres\u00e1rios, que visam o lucro mediante a explora\u00e7\u00e3o dos trabalhadores. Temos resistido em meio \u00e0 tantas adversidades com uni\u00e3o e mobiliza\u00e7\u00e3o, e n\u00e3o ser\u00e1 diferente no enfrentamento \u00e0 pandemia e no p\u00f3s-coronav\u00edrus\u201d, concluiu.<\/p>\n<p><strong>Fonte: Contraf-CUT<\/strong><\/p>\n<\/div>\n<\/div>\n","protected":false},"excerpt":{"rendered":"<p>O Sindicato dos Banc\u00e1rios de S\u00e3o Paulo, Osasco e regi\u00e3o (Seeb-SP) completa 97 anos neste dia 16 de abril. A hist\u00f3ria de luta e conquistas da entidade se deve a uni\u00e3o dos banc\u00e1rios na luta em defesa dos direitos e, neste momento, durante a pandemia do novo coronav\u00edrus, para garantir servi\u00e7os essenciais \u00e0 popula\u00e7\u00e3o. A [&hellip;]<\/p>\n","protected":false},"author":2,"featured_media":8712,"comment_status":"","ping_status":"","sticky":false,"template":"","format":"standard","meta":{"footnotes":""},"categories":[3],"tags":[],"class_list":["post-8713","post","type-post","status-publish","format-standard","has-post-thumbnail","hentry","category-noticias"],"_links":{"self":[{"href":"https:\/\/hostnetart.com.br\/baixada\/wp-json\/wp\/v2\/posts\/8713","targetHints":{"allow":["GET"]}}],"collection":[{"href":"https:\/\/hostnetart.com.br\/baixada\/wp-json\/wp\/v2\/posts"}],"about":[{"href":"https:\/\/hostnetart.com.br\/baixada\/wp-json\/wp\/v2\/types\/post"}],"author":[{"embeddable":true,"href":"https:\/\/hostnetart.com.br\/baixada\/wp-json\/wp\/v2\/users\/2"}],"replies":[{"embeddable":true,"href":"https:\/\/hostnetart.com.br\/baixada\/wp-json\/wp\/v2\/comments?post=8713"}],"version-history":[{"count":0,"href":"https:\/\/hostnetart.com.br\/baixada\/wp-json\/wp\/v2\/posts\/8713\/revisions"}],"wp:featuredmedia":[{"embeddable":true,"href":"https:\/\/hostnetart.com.br\/baixada\/wp-json\/wp\/v2\/media\/8712"}],"wp:attachment":[{"href":"https:\/\/hostnetart.com.br\/baixada\/wp-json\/wp\/v2\/media?parent=8713"}],"wp:term":[{"taxonomy":"category","embeddable":true,"href":"https:\/\/hostnetart.com.br\/baixada\/wp-json\/wp\/v2\/categories?post=8713"},{"taxonomy":"post_tag","embeddable":true,"href":"https:\/\/hostnetart.com.br\/baixada\/wp-json\/wp\/v2\/tags?post=8713"}],"curies":[{"name":"wp","href":"https:\/\/api.w.org\/{rel}","templated":true}]}}