{"id":871,"date":"2015-06-16T13:37:00","date_gmt":"2015-06-16T16:37:00","guid":{"rendered":"https:\/\/hostnetart.com.br\/baixada\/26-congresso-dos-funcionarios-bb-aprova-pauta-de-demandas-especificas\/"},"modified":"2015-06-16T13:37:00","modified_gmt":"2015-06-16T16:37:00","slug":"26-congresso-dos-funcionarios-bb-aprova-pauta-de-demandas-especificas","status":"publish","type":"post","link":"https:\/\/hostnetart.com.br\/baixada\/26-congresso-dos-funcionarios-bb-aprova-pauta-de-demandas-especificas\/","title":{"rendered":"26\u00ba Congresso dos funcion\u00e1rios BB aprova pauta de demandas espec\u00edficas"},"content":{"rendered":"<p>O 26\u00ba Congresso Nacional dos Funcion\u00e1rios do Banco do Brasil aprovou neste domingo 14, em S\u00e3o Paulo, ao final de tr\u00eas dias de discuss\u00f5es, a pauta de reivindica\u00e7\u00f5es espec\u00edficas da Campanha Nacional dos Banc\u00e1rios de 2015. Participaram do encontro, realizado no Hotel Holiday Inn, 303 delegados de todo o Pa\u00eds, dos quais 201 homens e 102 mulheres.<\/p>\n<p>Wagner Nascimento, coordenador da Comiss\u00e3o de Empresa dos Funcion\u00e1rios do BB, que assessora a Contraf-CUT nas negocia\u00e7\u00f5es com o banco, destaca que o Congresso cumpriu o seu papel democr\u00e1tico de debate e organiza\u00e7\u00e3o das demandas dos funcion\u00e1rios.<\/p>\n<p>\u201cOs delegados e delegadas participaram ativamente do Congresso. As propostas e diretrizes apresentadas foram amplamente discutidas nos grupos de temas espec\u00edficos e votadas, de forma democr\u00e1tica na plen\u00e1ria. As nossas pautas servir\u00e3o para organizar n\u00e3o s\u00f3 a luta dos funcion\u00e1rios do Banco do Brasil, mas da categoria como um todo, que se prepara para a Campanha Nacional,\u201d afirma Wagner.<\/p>\n<p>Veja a seguir algumas das principais reivindica\u00e7\u00f5es aprovadas:<\/p>\n<p><strong>Remunera\u00e7\u00e3o e condi\u00e7\u00f5es de trabalho<\/strong><\/p>\n<p>Os delegados aprovaram a intensifica\u00e7\u00e3o da luta por melhorias no PCR, por mais contrata\u00e7\u00f5es e por melhores condi\u00e7\u00f5es de trabalho, sem ass\u00e9dio moral.<\/p>\n<p>O PCR deve valorizar o funcionalismo, estipulando como piso o sal\u00e1rio m\u00ednimo do Dieese e o interst\u00edcio na tabela de antiguidade de 6%, um valor maior das letras de m\u00e9rito e com um tempo menor para adquirir.<\/p>\n<p>\u201cVamos fortalecer a luta pela institui\u00e7\u00e3o de processos de sele\u00e7\u00e3o interna e o fim dos descomissionamentos, bem como pelo aumento do n\u00famero de funcion\u00e1rios, tanto na rede como na \u00e1rea-meio\u201d, diz Wagner Nascimento.<\/p>\n<p><strong>Sa\u00fade e previd\u00eancia<\/strong><\/p>\n<p>Os funcion\u00e1rios do banco demonstram preocupa\u00e7\u00e3o com o aumento de casos de adoecimentos causados pelo ambiente banc\u00e1rio. Os banc\u00e1rios v\u00e3o cobrar do banco a libera\u00e7\u00e3o de dados sobre doen\u00e7as ocupacionais para que as informa\u00e7\u00f5es sejam repassadas aos dirigentes sindicais e membros dos conselhos de usu\u00e1rios da Cassi. <\/p>\n<p>Tamb\u00e9m foi aprovada a manuten\u00e7\u00e3o do princ\u00edpio de solidariedade na Cassi e a inclus\u00e3o de funcion\u00e1rios oriundos de bancos incorporados pelo BB, para que sejam assistidos pelo Programa de Sa\u00fade da Fam\u00edlia e demais coberturas.<\/p>\n<p>Sobre a Previ, os funcion\u00e1rios querem o fim da resolu\u00e7\u00e3o 26, para que o super\u00e1vit do plano de previd\u00eancia seja investido na melhoria dos benef\u00edcios. O 26\u00ba Congresso tamb\u00e9m reiterou a campanha pelo fim do voto de minerva no Conselho Deliberativo e a implanta\u00e7\u00e3o de teto para os benef\u00edcios. Os banc\u00e1rios explicam que, sem o teto, os diretores do banco se aposentam ganhando muito mais que os demais funcion\u00e1rios.<\/p>\n<p>Os banc\u00e1rios tamb\u00e9m aprovaram cobrar esclarecimentos sobre os estudos realizados pela consultoria Accenture, uma vez que h\u00e1 preocupa\u00e7\u00e3o do funcionalismo sobre a possibilidade de redu\u00e7\u00e3o de representa\u00e7\u00e3o de diretorias eleitas. Al\u00e9m disso, h\u00e1 d\u00favidas sobre as propostas de terceiriza\u00e7\u00e3o da gest\u00e3o dos investimentos e da administra\u00e7\u00e3o.<\/p>\n<p>\u201cFoi uma decis\u00e3o da administra\u00e7\u00e3o, que destr\u00f3i o modelo de gest\u00e3o compartilhada conquistado em 1997, o qual deu maior seguran\u00e7a e autonomia \u00e0s decis\u00f5es da Previ e maior equil\u00edbrio de poder entre banco e associados\u201d, explica Wagner.<\/p>\n<p><strong>Organiza\u00e7\u00e3o do movimento<\/strong><\/p>\n<p>Os delegados presentes ao 26\u00ba Congresso reafirmaram a estrat\u00e9gia de campanha nacional unificada, com negocia\u00e7\u00e3o de mesa \u00fanica na Fenaban e mesas concomitantes para discutir as quest\u00f5es espec\u00edficas do BB, al\u00e9m do modelo constru\u00eddo pela categoria de comiss\u00f5es de empregados que assessoram a Contraf-CUT nas negocia\u00e7\u00f5es espec\u00edficas com os bancos.<\/p>\n<p>Tamb\u00e9m apoiaram o fortalecimento dos f\u00f3runs da categoria (sindicatos, federa\u00e7\u00f5es, Contraf-CUT, Comiss\u00e3o de Empresa e Comando Nacional dos Banc\u00e1rios), a mobiliza\u00e7\u00e3o e a unidade nacional da categoria.<\/p>\n<p><strong>BB e sistema financeiro nacional<\/strong><\/p>\n<p>O delegados fizeram um amplo debate sobre a import\u00e2ncia do fortalecimento do BB como banco p\u00fablico voltado para o financiamento da produ\u00e7\u00e3o e do desenvolvimento econ\u00f4mico e social do pa\u00eds.<\/p>\n<p>Defenderam ainda a internacionaliza\u00e7\u00e3o do BB e a regulamenta\u00e7\u00e3o do artigo 192 da Constitui\u00e7\u00e3o Federal, que trata do Sistema Financeiro Nacional. <\/p>\n<p>Fonte: Rede de Comunica\u00e7\u00e3o dos Banc\u00e1rios<\/p>\n","protected":false},"excerpt":{"rendered":"<p>O 26\u00ba Congresso Nacional dos Funcion\u00e1rios do Banco do Brasil aprovou neste domingo 14, em S\u00e3o Paulo, ao final de tr\u00eas dias de discuss\u00f5es, a pauta de reivindica\u00e7\u00f5es espec\u00edficas da Campanha Nacional dos Banc\u00e1rios de 2015. Participaram do encontro, realizado no Hotel Holiday Inn, 303 delegados de todo o Pa\u00eds, dos quais 201 homens e [&hellip;]<\/p>\n","protected":false},"author":1,"featured_media":870,"comment_status":"","ping_status":"","sticky":false,"template":"","format":"standard","meta":{"footnotes":""},"categories":[3],"tags":[],"class_list":["post-871","post","type-post","status-publish","format-standard","has-post-thumbnail","hentry","category-noticias"],"_links":{"self":[{"href":"https:\/\/hostnetart.com.br\/baixada\/wp-json\/wp\/v2\/posts\/871","targetHints":{"allow":["GET"]}}],"collection":[{"href":"https:\/\/hostnetart.com.br\/baixada\/wp-json\/wp\/v2\/posts"}],"about":[{"href":"https:\/\/hostnetart.com.br\/baixada\/wp-json\/wp\/v2\/types\/post"}],"author":[{"embeddable":true,"href":"https:\/\/hostnetart.com.br\/baixada\/wp-json\/wp\/v2\/users\/1"}],"replies":[{"embeddable":true,"href":"https:\/\/hostnetart.com.br\/baixada\/wp-json\/wp\/v2\/comments?post=871"}],"version-history":[{"count":0,"href":"https:\/\/hostnetart.com.br\/baixada\/wp-json\/wp\/v2\/posts\/871\/revisions"}],"wp:featuredmedia":[{"embeddable":true,"href":"https:\/\/hostnetart.com.br\/baixada\/wp-json\/wp\/v2\/media\/870"}],"wp:attachment":[{"href":"https:\/\/hostnetart.com.br\/baixada\/wp-json\/wp\/v2\/media?parent=871"}],"wp:term":[{"taxonomy":"category","embeddable":true,"href":"https:\/\/hostnetart.com.br\/baixada\/wp-json\/wp\/v2\/categories?post=871"},{"taxonomy":"post_tag","embeddable":true,"href":"https:\/\/hostnetart.com.br\/baixada\/wp-json\/wp\/v2\/tags?post=871"}],"curies":[{"name":"wp","href":"https:\/\/api.w.org\/{rel}","templated":true}]}}