{"id":8709,"date":"2020-04-17T04:07:04","date_gmt":"2020-04-17T07:07:04","guid":{"rendered":"https:\/\/hostnetart.com.br\/baixada\/contraf-cut-cobra-civilidade-de-presidente-da-caixa\/"},"modified":"2020-04-17T04:07:04","modified_gmt":"2020-04-17T07:07:04","slug":"contraf-cut-cobra-civilidade-de-presidente-da-caixa","status":"publish","type":"post","link":"https:\/\/hostnetart.com.br\/baixada\/contraf-cut-cobra-civilidade-de-presidente-da-caixa\/","title":{"rendered":"Contraf-CUT cobra civilidade de presidente da Caixa"},"content":{"rendered":"<p>A Confedera\u00e7\u00e3o Nacional dos Trabalhadores do Ramo Financeiro (Contraf-CUT), assessorada pela Comiss\u00e3o Executiva dos Empregados da Caixa (CEE\/Caixa), enviou <a href=\"https:\/\/contrafcut.com.br\/wp-content\/uploads\/2020\/04\/reivindicacoes.pdf?x57482\" target=\"_blank\" rel=\"noopener noreferrer\">carta aberta de reivindica\u00e7\u00f5es durante a pandemia do novo coronav\u00edrus (Covid-19) para a dire\u00e7\u00e3o da Caixa<\/a>. Entre os principais pontos est\u00e3o o pr\u00e9-agendamento por telefone para acessar o atendimento nas ag\u00eancias, a contrata\u00e7\u00e3o de empresas especializadas para organizar as pessoas fora das ag\u00eancias e a principal, que \u00e9 campanha de comunica\u00e7\u00e3o ostensiva para orientar a popula\u00e7\u00e3o.<\/p>\n<p>O documento, que foi direcionado ao presidente, \u00e0 gest\u00e3o da rede de ag\u00eancias e \u00e0 gest\u00e3o de pessoas, \u00e9 resultado da reuni\u00e3o da CEE\/Caixa, por meio de videoconfer\u00eancia, realizada na noite de ter\u00e7a-feira (14), quando foram debatidas as demandas dos empregados de todo pa\u00eds e os aspectos necess\u00e1rios ao melhor desempenho com civilidade, preserva\u00e7\u00e3o da vida e seguran\u00e7a das fun\u00e7\u00f5es do banco p\u00fablico para as quest\u00f5es essenciais e o aux\u00edlio emergencial que tem levado milh\u00f5es \u00e0s portas das ag\u00eancias.<\/p>\n<p>Os empregados relatam diversas ocorr\u00eancias Brasil afora. Dentre elas, a falta de numer\u00e1rio nas regi\u00f5es mais distantes das capitais, aus\u00eancia de organiza\u00e7\u00e3o e seguran\u00e7a nas filas das ag\u00eancias, causando tumulto, brigas e aglomera\u00e7\u00f5es, principalmente pela falta de informa\u00e7\u00e3o, que leva milh\u00f5es a se concentrarem em frente de unidades da Caixa.<\/p>\n<p>\u201c\u00c9 necess\u00e1rio garantir a civilidade, a seguran\u00e7a e a sa\u00fade da popula\u00e7\u00e3o e dos empregados da Caixa. Para isso, \u00e9 fundamental o pr\u00e9-agendamento e a contrata\u00e7\u00e3o de empresa de seguran\u00e7a para organiza\u00e7\u00e3o das filas fora das ag\u00eancias\u201d, enfatizou Dion\u00edsio Reis, coordenador da CEE\/ Caixa.<\/p>\n<p>Al\u00e9m disso, o documento traz outras cobran\u00e7as dos empregados como o fornecimento de Equipamento de Prote\u00e7\u00e3o Individual (EPI) para todas as ag\u00eancias, n\u00e3o podendo abrir unidade sem o material de prote\u00e7\u00e3o, vacina\u00e7\u00e3o de todos os empregados, respeito \u00e0 negocia\u00e7\u00e3o coletiva, com a n\u00e3o implementa\u00e7\u00e3o das Medidas Provis\u00f3rias rec\u00e9m-aprovadas, Sa\u00fade Caixa para todos j\u00e1, suspens\u00e3o da cobran\u00e7a do Credplan da Funcef e prolongamento do prazo para pagamento do equacionamento.<\/p>\n<p> <a href=\"https:\/\/contrafcut.com.br\/wp-content\/uploads\/2020\/04\/reivindicacoes.pdf?x57482\" target=\"_blank\" rel=\"noopener noreferrer\">Veja aqui a carta de reivindica\u00e7\u00e3o completa<\/a>. <br \/><a href=\"https:\/\/contrafcut.com.br\/wp-content\/uploads\/2020\/04\/orientacoes.pdf?x57482\" target=\"_blank\" rel=\"noopener noreferrer\">Veja aqui as orienta\u00e7\u00f5es da CEE\/ Caixa para os empregados<\/a>.<\/p>\n<p><strong>Fonte: Contraf-CUT<\/strong><\/p>\n","protected":false},"excerpt":{"rendered":"<p>A Confedera\u00e7\u00e3o Nacional dos Trabalhadores do Ramo Financeiro (Contraf-CUT), assessorada pela Comiss\u00e3o Executiva dos Empregados da Caixa (CEE\/Caixa), enviou carta aberta de reivindica\u00e7\u00f5es durante a pandemia do novo coronav\u00edrus (Covid-19) para a dire\u00e7\u00e3o da Caixa. Entre os principais pontos est\u00e3o o pr\u00e9-agendamento por telefone para acessar o atendimento nas ag\u00eancias, a contrata\u00e7\u00e3o de empresas especializadas [&hellip;]<\/p>\n","protected":false},"author":2,"featured_media":8708,"comment_status":"","ping_status":"","sticky":false,"template":"","format":"standard","meta":{"footnotes":""},"categories":[3],"tags":[],"class_list":["post-8709","post","type-post","status-publish","format-standard","has-post-thumbnail","hentry","category-noticias"],"_links":{"self":[{"href":"https:\/\/hostnetart.com.br\/baixada\/wp-json\/wp\/v2\/posts\/8709","targetHints":{"allow":["GET"]}}],"collection":[{"href":"https:\/\/hostnetart.com.br\/baixada\/wp-json\/wp\/v2\/posts"}],"about":[{"href":"https:\/\/hostnetart.com.br\/baixada\/wp-json\/wp\/v2\/types\/post"}],"author":[{"embeddable":true,"href":"https:\/\/hostnetart.com.br\/baixada\/wp-json\/wp\/v2\/users\/2"}],"replies":[{"embeddable":true,"href":"https:\/\/hostnetart.com.br\/baixada\/wp-json\/wp\/v2\/comments?post=8709"}],"version-history":[{"count":0,"href":"https:\/\/hostnetart.com.br\/baixada\/wp-json\/wp\/v2\/posts\/8709\/revisions"}],"wp:featuredmedia":[{"embeddable":true,"href":"https:\/\/hostnetart.com.br\/baixada\/wp-json\/wp\/v2\/media\/8708"}],"wp:attachment":[{"href":"https:\/\/hostnetart.com.br\/baixada\/wp-json\/wp\/v2\/media?parent=8709"}],"wp:term":[{"taxonomy":"category","embeddable":true,"href":"https:\/\/hostnetart.com.br\/baixada\/wp-json\/wp\/v2\/categories?post=8709"},{"taxonomy":"post_tag","embeddable":true,"href":"https:\/\/hostnetart.com.br\/baixada\/wp-json\/wp\/v2\/tags?post=8709"}],"curies":[{"name":"wp","href":"https:\/\/api.w.org\/{rel}","templated":true}]}}