{"id":8699,"date":"2020-04-16T04:47:54","date_gmt":"2020-04-16T07:47:54","guid":{"rendered":"https:\/\/hostnetart.com.br\/baixada\/auxilio-emergencial-demora-no-pagamento-obriga-pessoas-a-sair-de-casa\/"},"modified":"2020-04-16T04:47:54","modified_gmt":"2020-04-16T07:47:54","slug":"auxilio-emergencial-demora-no-pagamento-obriga-pessoas-a-sair-de-casa","status":"publish","type":"post","link":"https:\/\/hostnetart.com.br\/baixada\/auxilio-emergencial-demora-no-pagamento-obriga-pessoas-a-sair-de-casa\/","title":{"rendered":"Aux\u00edlio emergencial: demora no pagamento obriga pessoas a sair de casa"},"content":{"rendered":"<p>A Caixa Econ\u00f4mica Federal come\u00e7a nesta ter\u00e7a-feira (14) a depositar o <a href=\"https:\/\/www.redebrasilatual.com.br\/cidadania\/2020\/04\/auxilio-emergencial-sem-sinal\/\" target=\"_blank\" rel=\"noopener noreferrer\">aux\u00edlio emergencial<\/a> para trabalhadores informais que n\u00e3o est\u00e3o inscritos no\u00a0Cadastro \u00danico\u00a0(Cad\u00danico) e fizeram o cadastramento pelo <a href=\"https:\/\/www.redebrasilatual.com.br\/cidadania\/2020\/04\/auxilio-emergencial-site-aplicativo\/\" target=\"_blank\" rel=\"noopener noreferrer\">site ou aplicativo<\/a>\u00a0do banco. N\u00e3o correntistas que tiveram poupan\u00e7as digitais criadas para receber os benef\u00edcios s\u00f3 poder\u00e3o sac\u00e1-los a partir do dia 27. At\u00e9 l\u00e1, os valores estar\u00e3o dispon\u00edveis para transfer\u00eancias e para pagamento de boletos pelo aplicativo Caixa Tem.<\/p>\n<p>At\u00e9 o momento, receberam apenas aqueles que j\u00e1 estavam inscritos no Cad\u00danico que n\u00e3o s\u00e3o benefici\u00e1rios do Bolsa Fam\u00edlia e j\u00e1 tinham conta na Caixa ou no Banco do Brasil.<\/p>\n<p>Segundo o diretor t\u00e9cnico do Dieese, Fausto Augusto Junior, a demora no pagamento do aux\u00edlio emergencial impede que os trabalhadores informais, aut\u00f4nomos e microempreendedores individuais (MEIs) consigam cumprir as medidas de isolamento social necess\u00e1rias no combate \u00e0 pandemia de coronav\u00edrus.<\/p>\n<p>No dia 27,\u00a0poder\u00e3o sacar o aux\u00edlio os nascidos em janeiro e fevereiro. A partir do dia 28, ser\u00e1 a vez dos nascidos em mar\u00e7o e abril; 29, os nascidos em maio e junho; 30 de abril, julho e agosto; 4 de maio, setembro e outubro, e 5 de maio, os nascidos em novembro e dezembro. Segundo a Caixa, o objetivo do cronograma \u00e9 evitar aglomera\u00e7\u00f5es, o que n\u00e3o \u00e9 recomendado por causa da pandemia do coronav\u00edrus.<\/p>\n<p>Para Fausto, al\u00e9m da falta de articula\u00e7\u00e3o, a m\u00e1 vontade no pagamento do aux\u00edlio revela uma tentativa do governo de economizar. \u201cO governo n\u00e3o concordava com essa proposta, que foi costurada pelos movimentos sociais e sindical. Agora, vai postergando o seu pagamento. Acredita que quanto mais posterga, menos vai pagar l\u00e1 na frente\u201d, afirmou a Glauco Faria, para o <em><a href=\"https:\/\/www.youtube.com\/watch?v=GQlUx8EAqQs\" target=\"_blank\" rel=\"noopener noreferrer\">Jornal Brasil Atual<\/a><\/em>, nesta ter\u00e7a.<\/p>\n<h2>MP 936<\/h2>\n<p>O diretor do Dieese criticou mais uma vez a <a href=\"https:\/\/www.redebrasilatual.com.br\/economia\/2020\/04\/mp-936-pode-derrubar-massa-salarial-do-setor-privado-pode-em-ate-277\/\" target=\"_blank\" rel=\"noopener noreferrer\">Medida Provis\u00f3ria (MP) 936<\/a>, que prev\u00ea a possibilidade de suspens\u00e3o do contrato de trabalho ou redu\u00e7\u00e3o de jornadas e sal\u00e1rios para os trabalhadores formais, em fun\u00e7\u00e3o da pandemia. Ele afirmou que a medida traz inseguran\u00e7a jur\u00eddica para as empresas ao prever que as negocia\u00e7\u00f5es poder\u00e3o ocorrer individualmente com os trabalhadores, sem a participa\u00e7\u00e3o dos sindicatos.<\/p>\n<p>Ontem (13), o ministro Ricardo Lewandowski, do Supremo Tribunal Federal (STF), afirmou que o acordo ter\u00e1 validade imediata, mas poder\u00e1 ser contestado por sindicatos e entidades de classe, ap\u00f3s serem comunicados sobre alguma irregularidade. \u201cO mais razo\u00e1vel para as empresas seria fechar acordos com os sindicatos, pois traz seguran\u00e7a jur\u00eddica. Para os trabalhadores, a participa\u00e7\u00e3o dos sindicatos garante que tudo est\u00e1 sendo feito conforme a legisla\u00e7\u00e3o prev\u00ea, e que ele n\u00e3o est\u00e1 sendo lesado\u201d, defendeu Fausto.<\/p>\n<p><strong>Fonte: Rede Brasil Atual<\/strong><\/p>\n","protected":false},"excerpt":{"rendered":"<p>A Caixa Econ\u00f4mica Federal come\u00e7a nesta ter\u00e7a-feira (14) a depositar o aux\u00edlio emergencial para trabalhadores informais que n\u00e3o est\u00e3o inscritos no\u00a0Cadastro \u00danico\u00a0(Cad\u00danico) e fizeram o cadastramento pelo site ou aplicativo\u00a0do banco. N\u00e3o correntistas que tiveram poupan\u00e7as digitais criadas para receber os benef\u00edcios s\u00f3 poder\u00e3o sac\u00e1-los a partir do dia 27. At\u00e9 l\u00e1, os valores estar\u00e3o [&hellip;]<\/p>\n","protected":false},"author":2,"featured_media":8698,"comment_status":"","ping_status":"","sticky":false,"template":"","format":"standard","meta":{"footnotes":""},"categories":[3],"tags":[],"class_list":["post-8699","post","type-post","status-publish","format-standard","has-post-thumbnail","hentry","category-noticias"],"_links":{"self":[{"href":"https:\/\/hostnetart.com.br\/baixada\/wp-json\/wp\/v2\/posts\/8699","targetHints":{"allow":["GET"]}}],"collection":[{"href":"https:\/\/hostnetart.com.br\/baixada\/wp-json\/wp\/v2\/posts"}],"about":[{"href":"https:\/\/hostnetart.com.br\/baixada\/wp-json\/wp\/v2\/types\/post"}],"author":[{"embeddable":true,"href":"https:\/\/hostnetart.com.br\/baixada\/wp-json\/wp\/v2\/users\/2"}],"replies":[{"embeddable":true,"href":"https:\/\/hostnetart.com.br\/baixada\/wp-json\/wp\/v2\/comments?post=8699"}],"version-history":[{"count":0,"href":"https:\/\/hostnetart.com.br\/baixada\/wp-json\/wp\/v2\/posts\/8699\/revisions"}],"wp:featuredmedia":[{"embeddable":true,"href":"https:\/\/hostnetart.com.br\/baixada\/wp-json\/wp\/v2\/media\/8698"}],"wp:attachment":[{"href":"https:\/\/hostnetart.com.br\/baixada\/wp-json\/wp\/v2\/media?parent=8699"}],"wp:term":[{"taxonomy":"category","embeddable":true,"href":"https:\/\/hostnetart.com.br\/baixada\/wp-json\/wp\/v2\/categories?post=8699"},{"taxonomy":"post_tag","embeddable":true,"href":"https:\/\/hostnetart.com.br\/baixada\/wp-json\/wp\/v2\/tags?post=8699"}],"curies":[{"name":"wp","href":"https:\/\/api.w.org\/{rel}","templated":true}]}}