{"id":8697,"date":"2020-04-15T23:38:12","date_gmt":"2020-04-16T02:38:12","guid":{"rendered":"https:\/\/hostnetart.com.br\/baixada\/coronavirus-bb-vai-instalar-barreiras-de-acrilico-nos-caixas\/"},"modified":"2020-04-15T23:38:12","modified_gmt":"2020-04-16T02:38:12","slug":"coronavirus-bb-vai-instalar-barreiras-de-acrilico-nos-caixas","status":"publish","type":"post","link":"https:\/\/hostnetart.com.br\/baixada\/coronavirus-bb-vai-instalar-barreiras-de-acrilico-nos-caixas\/","title":{"rendered":"Coronav\u00edrus: BB vai instalar barreiras de acr\u00edlico nos caixas"},"content":{"rendered":"<div class=\"elementor-element elementor-element-194680ec elementor-widget elementor-widget-theme-post-content\" data-id=\"194680ec\" data-element_type=\"widget\" data-widget_type=\"theme-post-content.default\">\n<div class=\"elementor-widget-container\">\n<p>A Comiss\u00e3o de Empresa dos Funcion\u00e1rios do Banco do Brasil (CEBB) se reuniu na ter\u00e7a-feira (14) com representantes do banco para tratar de medidas de enfrentamento \u00e0 pandemia causada pelo novo coronav\u00edrus.<\/p>\n<p>\u201cO banco atendeu nossa reivindica\u00e7\u00e3o e se comprometeu a instalar prote\u00e7\u00e3o de acr\u00edlico em todos os caixas. O objetivo \u00e9 reduzir a possibilidade de cont\u00e1gio de clientes e funcion\u00e1rios no momento do atendimento. Essa era uma reivindica\u00e7\u00e3o do pessoal que continua trabalhando nas ag\u00eancias para a demanda que continua grande\u201d, informou o coordenador da CEBB, Jo\u00e3o Fukunaga.<\/p>\n<p>O coordenador da CEBB disse ainda que o banco liberou verba para que as ag\u00eancias comprem <a href=\"https:\/\/www.google.com\/search?rlz=1C1AVNE_enBR691BR691&amp;sxsrf=ALeKk039PA6dHFiWzI0yGQmBB8cnJ5HTvA:1586979899972&amp;q=face+shield&amp;tbm=isch&amp;source=univ&amp;sa=X&amp;ved=2ahUKEwiU_8_pmOvoAhUyE7kGHU9qCYMQsAR6BAgHEAE&amp;biw=1920&amp;bih=937\" target=\"_blank\" rel=\"noopener noreferrer\">m\u00e1scaras de acetato tipo face shield<\/a> e as mais comuns <a href=\"https:\/\/www.google.com\/search?q=m%C3%A1scaras+n95&amp;rlz=1C1AVNE_enBR691BR691&amp;sxsrf=ALeKk033RfFoBG7tzree4FAQW8DkWFJhNw:1586980025057&amp;source=lnms&amp;tbm=isch&amp;sa=X&amp;ved=2ahUKEwjmwaKlmevoAhVXH7kGHZ2cB_IQ_AUoAnoECAsQBA&amp;biw=1920&amp;bih=937\" target=\"_blank\" rel=\"noopener noreferrer\">N95<\/a>.<\/p>\n<h3>Home office<\/h3>\n<p>A CEBB tamb\u00e9m cobrou a reclassifica\u00e7\u00e3o para situa\u00e7\u00e3o 478 (isolamento residencial, ficando \u00e0 disposi\u00e7\u00e3o do banco) dos dias 7, 8 e 9 de abril. Alguns gestores classificaram as aus\u00eancias nestes dias como abonos e folgas. O problema ocorreu depois que o <a href=\"https:\/\/contrafcut.com.br\/noticias\/movimento-repudia-utilizacao-da-mp-927-pelo-bb\/\" target=\"_blank\" rel=\"noopener noreferrer\">banco enviou um comunicado aos gestores<\/a> informando que, a partir do dia 7, \u201cconforme previsto no Art. 6\u00ba da MP 927\u201d, \u201cest\u00e1 autorizado a comunicar ao funcion\u00e1rio o acionamento de f\u00e9rias, com anteced\u00eancia de\u201d apenas \u201cquarenta e oito horas\u201d.<\/p>\n<p>O comunicado, enviado o pr\u00f3prio dia 7, diz que os funcion\u00e1rios que estavam dispensados com a situa\u00e7\u00e3o 478 deveriam optar entre a utiliza\u00e7\u00e3o de f\u00e9rias, o uso de banco de horas (inclusive negativo \u2013 comando 425 com termo de ades\u00e3o vigente) nos termos do ACT 2018-2020, abonos, folgas e solicita\u00e7\u00e3o de licen\u00e7a pr\u00eamio.<\/p>\n<p>\u201cN\u00e3o houve tempo h\u00e1bil para que as pessoas que estavam em casa pudessem optar por aquilo que \u00e9 melhor para ela\u201d, lamentou a secret\u00e1ria de Juventude e representante da Confedera\u00e7\u00e3o Nacional dos Trabalhadores do Ramo Financeiro (Contraf-CUT) nas negocia\u00e7\u00f5es com o banco, Fernanda Lopes. \u201cAl\u00e9m disso, ficou um limbo entre a data do comunicado e a data do in\u00edcio das f\u00e9rias, para aqueles que os funcion\u00e1rios que fizessem tal op\u00e7\u00e3o\u201d, concluiu a dirigente da Contraf-CUT. Segundo o que determina a MP, as f\u00e9rias se iniciariam na segunda-feira (13).<\/p>\n<p>O banco informou que, em decorr\u00eancia do comunicado, 9.937 funcion\u00e1rios entraram em f\u00e9rias na segunda-feira (13\/4). Neste n\u00famero, n\u00e3o est\u00e3o inclusos aqueles que j\u00e1 haviam programadas.<\/p>\n<p>O banco prop\u00f4s avaliar caso a caso, mas a comiss\u00e3o de empresas acredita ser invi\u00e1vel por serem muitas pessoas. \u201cQueremos que seja adotado um procedimento padr\u00e3o e o mesmo seja amplamente divulgado\u201d, retrucou Fukunaga.<\/p>\n<p>O banco ficou de avaliar a proposta. \u201cPor enquanto, recomendamos que os banc\u00e1rios procurem os gestores e, em casos de recusa de reclassifica\u00e7\u00e3o dos dias 7, 8 e 9 como 478, procurem os sindicatos\u201d, orientou o coordenador da CEBB.<\/p>\n<h3>Banco de horas negativo<\/h3>\n<p>A CEBB tamb\u00e9m questionou o Banco do Brasil sobre o banco de horas negativo (c\u00f3digo 425), que ser\u00e1 utilizado para funcion\u00e1rios que est\u00e3o em casa sem fazer home office.<\/p>\n<p>\u201cOs funcion\u00e1rios est\u00e3o aflitos pela possibilidade de n\u00e3o conseguirem repor as horas negativas, o que pode gerar desconto no sal\u00e1rio, al\u00e9m da sobrecarga de trabalho quando come\u00e7arem as compensa\u00e7\u00f5es. Entendemos que a regra acordada para banco de horas n\u00e3o pode ser adotada neste momento at\u00edpico\u201d, defendeu Fernanda.<\/p>\n<p>O banco se comprometeu a avaliar as demandas e trazer resposta ao movimento sindical.<\/p>\n<p><strong>Fonte: Contraf-CUT<\/strong><\/p>\n<\/div>\n<\/div>\n","protected":false},"excerpt":{"rendered":"<p>A Comiss\u00e3o de Empresa dos Funcion\u00e1rios do Banco do Brasil (CEBB) se reuniu na ter\u00e7a-feira (14) com representantes do banco para tratar de medidas de enfrentamento \u00e0 pandemia causada pelo novo coronav\u00edrus. \u201cO banco atendeu nossa reivindica\u00e7\u00e3o e se comprometeu a instalar prote\u00e7\u00e3o de acr\u00edlico em todos os caixas. O objetivo \u00e9 reduzir a possibilidade [&hellip;]<\/p>\n","protected":false},"author":2,"featured_media":8696,"comment_status":"","ping_status":"","sticky":false,"template":"","format":"standard","meta":{"footnotes":""},"categories":[3],"tags":[],"class_list":["post-8697","post","type-post","status-publish","format-standard","has-post-thumbnail","hentry","category-noticias"],"_links":{"self":[{"href":"https:\/\/hostnetart.com.br\/baixada\/wp-json\/wp\/v2\/posts\/8697","targetHints":{"allow":["GET"]}}],"collection":[{"href":"https:\/\/hostnetart.com.br\/baixada\/wp-json\/wp\/v2\/posts"}],"about":[{"href":"https:\/\/hostnetart.com.br\/baixada\/wp-json\/wp\/v2\/types\/post"}],"author":[{"embeddable":true,"href":"https:\/\/hostnetart.com.br\/baixada\/wp-json\/wp\/v2\/users\/2"}],"replies":[{"embeddable":true,"href":"https:\/\/hostnetart.com.br\/baixada\/wp-json\/wp\/v2\/comments?post=8697"}],"version-history":[{"count":0,"href":"https:\/\/hostnetart.com.br\/baixada\/wp-json\/wp\/v2\/posts\/8697\/revisions"}],"wp:featuredmedia":[{"embeddable":true,"href":"https:\/\/hostnetart.com.br\/baixada\/wp-json\/wp\/v2\/media\/8696"}],"wp:attachment":[{"href":"https:\/\/hostnetart.com.br\/baixada\/wp-json\/wp\/v2\/media?parent=8697"}],"wp:term":[{"taxonomy":"category","embeddable":true,"href":"https:\/\/hostnetart.com.br\/baixada\/wp-json\/wp\/v2\/categories?post=8697"},{"taxonomy":"post_tag","embeddable":true,"href":"https:\/\/hostnetart.com.br\/baixada\/wp-json\/wp\/v2\/tags?post=8697"}],"curies":[{"name":"wp","href":"https:\/\/api.w.org\/{rel}","templated":true}]}}