{"id":8693,"date":"2020-04-15T17:31:59","date_gmt":"2020-04-15T20:31:59","guid":{"rendered":"https:\/\/hostnetart.com.br\/baixada\/bradesco-comeca-a-distribuir-mascaras-de-acrilicos-e-vacinas-contra-gripe\/"},"modified":"2020-04-15T17:31:59","modified_gmt":"2020-04-15T20:31:59","slug":"bradesco-comeca-a-distribuir-mascaras-de-acrilicos-e-vacinas-contra-gripe","status":"publish","type":"post","link":"https:\/\/hostnetart.com.br\/baixada\/bradesco-comeca-a-distribuir-mascaras-de-acrilicos-e-vacinas-contra-gripe\/","title":{"rendered":"Bradesco come\u00e7a a distribuir m\u00e1scaras de acr\u00edlicos e vacinas contra gripe"},"content":{"rendered":"<p>Depois de cobran\u00e7a do Comando Nacional dos Banc\u00e1rios, o Bradesco come\u00e7ou a distribuir m\u00e1scara de acr\u00edlico a todos os banc\u00e1rios que est\u00e3o nas ag\u00eancias fazendo o atendimento da popula\u00e7\u00e3o e m\u00e1scaras de pano para os banc\u00e1rios de departamento.<\/p>\n<p>O banco tamb\u00e9m anunciou que inicia, nesta quarta-feira (15), por S\u00e3o Paulo, a campanha de vacina\u00e7\u00e3o contra a gripe. Nos demais estados, a vacina come\u00e7ar\u00e1 a ser aplicada nos funcion\u00e1rios a partir da pr\u00f3xima quarta-feira (22). <\/p>\n<p>O Bradesco liberou ainda um curso online de ingl\u00eas para todos os funcion\u00e1rios, incluindo menor aprendiz e estagi\u00e1rios. \u201cEssas conquistas mostram a import\u00e2ncia da negocia\u00e7\u00e3o permanente que o Comando Nacional dos Banc\u00e1rios e a Comiss\u00e3o de Organiza\u00e7\u00e3o dos Empregados (COE) t\u00eam mantido com o banco em busca de melhorias para os trabalhadores que est\u00e3o arriscando as suas vidas para atender a popula\u00e7\u00e3o\u201d, afirmou Magaly Fagundes, coordenadora do COE Bradesco.<\/p>\n<p><strong>Fonte: Contraf-CUT<\/strong><\/p>\n","protected":false},"excerpt":{"rendered":"<p>Depois de cobran\u00e7a do Comando Nacional dos Banc\u00e1rios, o Bradesco come\u00e7ou a distribuir m\u00e1scara de acr\u00edlico a todos os banc\u00e1rios que est\u00e3o nas ag\u00eancias fazendo o atendimento da popula\u00e7\u00e3o e m\u00e1scaras de pano para os banc\u00e1rios de departamento. O banco tamb\u00e9m anunciou que inicia, nesta quarta-feira (15), por S\u00e3o Paulo, a campanha de vacina\u00e7\u00e3o contra [&hellip;]<\/p>\n","protected":false},"author":2,"featured_media":8692,"comment_status":"","ping_status":"","sticky":false,"template":"","format":"standard","meta":{"footnotes":""},"categories":[3],"tags":[],"class_list":["post-8693","post","type-post","status-publish","format-standard","has-post-thumbnail","hentry","category-noticias"],"_links":{"self":[{"href":"https:\/\/hostnetart.com.br\/baixada\/wp-json\/wp\/v2\/posts\/8693","targetHints":{"allow":["GET"]}}],"collection":[{"href":"https:\/\/hostnetart.com.br\/baixada\/wp-json\/wp\/v2\/posts"}],"about":[{"href":"https:\/\/hostnetart.com.br\/baixada\/wp-json\/wp\/v2\/types\/post"}],"author":[{"embeddable":true,"href":"https:\/\/hostnetart.com.br\/baixada\/wp-json\/wp\/v2\/users\/2"}],"replies":[{"embeddable":true,"href":"https:\/\/hostnetart.com.br\/baixada\/wp-json\/wp\/v2\/comments?post=8693"}],"version-history":[{"count":0,"href":"https:\/\/hostnetart.com.br\/baixada\/wp-json\/wp\/v2\/posts\/8693\/revisions"}],"wp:featuredmedia":[{"embeddable":true,"href":"https:\/\/hostnetart.com.br\/baixada\/wp-json\/wp\/v2\/media\/8692"}],"wp:attachment":[{"href":"https:\/\/hostnetart.com.br\/baixada\/wp-json\/wp\/v2\/media?parent=8693"}],"wp:term":[{"taxonomy":"category","embeddable":true,"href":"https:\/\/hostnetart.com.br\/baixada\/wp-json\/wp\/v2\/categories?post=8693"},{"taxonomy":"post_tag","embeddable":true,"href":"https:\/\/hostnetart.com.br\/baixada\/wp-json\/wp\/v2\/tags?post=8693"}],"curies":[{"name":"wp","href":"https:\/\/api.w.org\/{rel}","templated":true}]}}