{"id":8689,"date":"2020-04-15T03:30:14","date_gmt":"2020-04-15T06:30:14","guid":{"rendered":"https:\/\/hostnetart.com.br\/baixada\/presidenta-da-contraf-cut-fara-nova-live-no-instagram-nesta-quarta-feira-15\/"},"modified":"2020-04-15T03:30:14","modified_gmt":"2020-04-15T06:30:14","slug":"presidenta-da-contraf-cut-fara-nova-live-no-instagram-nesta-quarta-feira-15","status":"publish","type":"post","link":"https:\/\/hostnetart.com.br\/baixada\/presidenta-da-contraf-cut-fara-nova-live-no-instagram-nesta-quarta-feira-15\/","title":{"rendered":"Presidenta da Contraf-CUT far\u00e1 nova live no Instagram nesta quarta-feira (15)"},"content":{"rendered":"<p>Depois do sucesso da semana passada, a Confedera\u00e7\u00e3o Nacional dos Trabalhadores do Ramo Financeiro (Contraf-CUT) realiza, nesta quarta-feira (15), \u00e0s 18h, a segunda transmiss\u00e3o ao vivo em seu perfil do Instagram com uma das coordenadoras do Comando Nacional dos Banc\u00e1rios, Juvandia Moreira.<\/p>\n<p>Juvandia, que tamb\u00e9m \u00e9 presidenta da Confedera\u00e7\u00e3o, vai responder a algumas perguntas da categoria durante este momento de crise, causada pela pandemia de coronav\u00edrus (Covid-19).<\/p>\n<p>Para participar da live, os interessados devem come\u00e7ar a seguir o perfil da Contraf-CUT no Instagram. Quando a live for iniciada, um aviso autom\u00e1tico \u00e9 emitido e eles poder\u00e3o assistir e interagir com a presidenta.<\/p>\n<h3>Primeira live<\/h3>\n<p>Para quem n\u00e3o p\u00f4de assistir a transmiss\u00e3o ao vivo, o v\u00eddeo gravado est\u00e1 dispon\u00edvel no<a href=\"https:\/\/contrafcut.com.br\/videos\/\">\u00a0site<\/a> e nos canais da Contraf-CUT no\u00a0<a href=\"https:\/\/www.facebook.com\/contrafcut\/\">facebook<\/a>\u00a0e<a href=\"https:\/\/www.youtube.com\/watch?v=s17nCwgI1Gc\">\u00a0youtube<\/a>.<\/p>\n<p><strong>Fonte: Contraf-CUT<\/strong><\/p>\n","protected":false},"excerpt":{"rendered":"<p>Depois do sucesso da semana passada, a Confedera\u00e7\u00e3o Nacional dos Trabalhadores do Ramo Financeiro (Contraf-CUT) realiza, nesta quarta-feira (15), \u00e0s 18h, a segunda transmiss\u00e3o ao vivo em seu perfil do Instagram com uma das coordenadoras do Comando Nacional dos Banc\u00e1rios, Juvandia Moreira. Juvandia, que tamb\u00e9m \u00e9 presidenta da Confedera\u00e7\u00e3o, vai responder a algumas perguntas da [&hellip;]<\/p>\n","protected":false},"author":2,"featured_media":8688,"comment_status":"","ping_status":"","sticky":false,"template":"","format":"standard","meta":{"footnotes":""},"categories":[3],"tags":[],"class_list":["post-8689","post","type-post","status-publish","format-standard","has-post-thumbnail","hentry","category-noticias"],"_links":{"self":[{"href":"https:\/\/hostnetart.com.br\/baixada\/wp-json\/wp\/v2\/posts\/8689","targetHints":{"allow":["GET"]}}],"collection":[{"href":"https:\/\/hostnetart.com.br\/baixada\/wp-json\/wp\/v2\/posts"}],"about":[{"href":"https:\/\/hostnetart.com.br\/baixada\/wp-json\/wp\/v2\/types\/post"}],"author":[{"embeddable":true,"href":"https:\/\/hostnetart.com.br\/baixada\/wp-json\/wp\/v2\/users\/2"}],"replies":[{"embeddable":true,"href":"https:\/\/hostnetart.com.br\/baixada\/wp-json\/wp\/v2\/comments?post=8689"}],"version-history":[{"count":0,"href":"https:\/\/hostnetart.com.br\/baixada\/wp-json\/wp\/v2\/posts\/8689\/revisions"}],"wp:featuredmedia":[{"embeddable":true,"href":"https:\/\/hostnetart.com.br\/baixada\/wp-json\/wp\/v2\/media\/8688"}],"wp:attachment":[{"href":"https:\/\/hostnetart.com.br\/baixada\/wp-json\/wp\/v2\/media?parent=8689"}],"wp:term":[{"taxonomy":"category","embeddable":true,"href":"https:\/\/hostnetart.com.br\/baixada\/wp-json\/wp\/v2\/categories?post=8689"},{"taxonomy":"post_tag","embeddable":true,"href":"https:\/\/hostnetart.com.br\/baixada\/wp-json\/wp\/v2\/tags?post=8689"}],"curies":[{"name":"wp","href":"https:\/\/api.w.org\/{rel}","templated":true}]}}