{"id":8687,"date":"2020-04-15T03:29:15","date_gmt":"2020-04-15T06:29:15","guid":{"rendered":"https:\/\/hostnetart.com.br\/baixada\/dieese-cria-calculadora-para-trabalhador-saber-como-ficara-seu-salario-com-reducao-da-mp-936\/"},"modified":"2020-04-15T03:29:15","modified_gmt":"2020-04-15T06:29:15","slug":"dieese-cria-calculadora-para-trabalhador-saber-como-ficara-seu-salario-com-reducao-da-mp-936","status":"publish","type":"post","link":"https:\/\/hostnetart.com.br\/baixada\/dieese-cria-calculadora-para-trabalhador-saber-como-ficara-seu-salario-com-reducao-da-mp-936\/","title":{"rendered":"Dieese cria calculadora para trabalhador saber como ficar\u00e1 seu sal\u00e1rio com redu\u00e7\u00e3o da MP 936"},"content":{"rendered":"<p>A Medida Provis\u00f3ria (MP) 936, que foi aprovada no in\u00edcio do m\u00eas, possibilita a suspens\u00e3o dos contratos de trabalho ou a redu\u00e7\u00e3o das jornadas e sal\u00e1rios em fun\u00e7\u00e3o da crise decorrente da pandemia de coronav\u00edrus (Covid 19).<\/p>\n<p> A MP prev\u00ea que, durante o estado de calamidade p\u00fablica em raz\u00e3o da pandemia da covid-19, o empregador poder\u00e1 acordar com o empregado a redu\u00e7\u00e3o proporcional da jornada de trabalho e sal\u00e1rio, por at\u00e9 90 dias, sendo preservado o valor do sal\u00e1rio-hora de trabalho. Poder\u00e3o ser feitas redu\u00e7\u00f5es de 25%, 50% ou 70%.<\/p>\n<p> O empregado que tiver sua jornada e sal\u00e1rio reduzidos ter\u00e1 direito ao Benef\u00edcio Emergencial de Preserva\u00e7\u00e3o do Emprego e da Renda, custeado com os recursos do seguro-desemprego. O valor a ser recebido pelo governo vai depender do sal\u00e1rio do trabalhador e da porcentagem da redu\u00e7\u00e3o.<\/p>\n<p>Outra possibilidade trazida pela medida provis\u00f3ria \u00e9 a suspens\u00e3o tempor\u00e1ria do contrato de trabalho com suspens\u00e3o de sal\u00e1rio, que poder\u00e1 durar at\u00e9 60 dias. Nesta hip\u00f3tese, haver\u00e1 pagamento do seguro desemprego ao trabalhador de empresas pequena. J\u00e1 companhias que tiveram receita bruta anual de R$ 4,8 milh\u00f5es ou mais no ano passado dever\u00e3o pagar valor equivalente a 30% do sal\u00e1rio, em forma de aux\u00edlio sem car\u00e1ter salarial, sobre o qual n\u00e3o incidem contribui\u00e7\u00f5es e ao trabalhadores destas empresas ser\u00e1 repassado 70% do valor do seguro desemprego a que teriam direito.<\/p>\n<p>A participa\u00e7\u00e3o do sindicato na negocia\u00e7\u00e3o dos acordos \u00e9 obrigat\u00f3ria quando envolver trabalhadores com sal\u00e1rio acima de R$ 3.135,00 (3 sal\u00e1rios m\u00ednimos) e abaixo de R$ 12.202,00 (2 vezes o teto do RGPS). Mas os acordos de quem est\u00e1 em outras faixas salariais tamb\u00e9m podem, e devem, ser realizados por meio de negocia\u00e7\u00e3o com o sindicato.<\/p>\n<p>Com a <a href=\"http:\/\/www.dieese.org.br\/calculadoramp936\/\" target=\"_blank\" rel=\"noopener noreferrer\">calculadora desenvolvida pelo Departamento Intersindical de Estat\u00edsticas e Estudos Socioecon\u00f4micos (Dieese)<\/a>, voc\u00ea pode simular o impacto das medidas sobre sua remunera\u00e7\u00e3o.<\/p>\n<p><strong>Fonte: Contraf-CUT<\/strong><\/p>\n","protected":false},"excerpt":{"rendered":"<p>A Medida Provis\u00f3ria (MP) 936, que foi aprovada no in\u00edcio do m\u00eas, possibilita a suspens\u00e3o dos contratos de trabalho ou a redu\u00e7\u00e3o das jornadas e sal\u00e1rios em fun\u00e7\u00e3o da crise decorrente da pandemia de coronav\u00edrus (Covid 19). A MP prev\u00ea que, durante o estado de calamidade p\u00fablica em raz\u00e3o da pandemia da covid-19, o empregador [&hellip;]<\/p>\n","protected":false},"author":2,"featured_media":8686,"comment_status":"","ping_status":"","sticky":false,"template":"","format":"standard","meta":{"footnotes":""},"categories":[3],"tags":[],"class_list":["post-8687","post","type-post","status-publish","format-standard","has-post-thumbnail","hentry","category-noticias"],"_links":{"self":[{"href":"https:\/\/hostnetart.com.br\/baixada\/wp-json\/wp\/v2\/posts\/8687","targetHints":{"allow":["GET"]}}],"collection":[{"href":"https:\/\/hostnetart.com.br\/baixada\/wp-json\/wp\/v2\/posts"}],"about":[{"href":"https:\/\/hostnetart.com.br\/baixada\/wp-json\/wp\/v2\/types\/post"}],"author":[{"embeddable":true,"href":"https:\/\/hostnetart.com.br\/baixada\/wp-json\/wp\/v2\/users\/2"}],"replies":[{"embeddable":true,"href":"https:\/\/hostnetart.com.br\/baixada\/wp-json\/wp\/v2\/comments?post=8687"}],"version-history":[{"count":0,"href":"https:\/\/hostnetart.com.br\/baixada\/wp-json\/wp\/v2\/posts\/8687\/revisions"}],"wp:featuredmedia":[{"embeddable":true,"href":"https:\/\/hostnetart.com.br\/baixada\/wp-json\/wp\/v2\/media\/8686"}],"wp:attachment":[{"href":"https:\/\/hostnetart.com.br\/baixada\/wp-json\/wp\/v2\/media?parent=8687"}],"wp:term":[{"taxonomy":"category","embeddable":true,"href":"https:\/\/hostnetart.com.br\/baixada\/wp-json\/wp\/v2\/categories?post=8687"},{"taxonomy":"post_tag","embeddable":true,"href":"https:\/\/hostnetart.com.br\/baixada\/wp-json\/wp\/v2\/tags?post=8687"}],"curies":[{"name":"wp","href":"https:\/\/api.w.org\/{rel}","templated":true}]}}