{"id":8685,"date":"2020-04-15T03:27:52","date_gmt":"2020-04-15T06:27:52","guid":{"rendered":"https:\/\/hostnetart.com.br\/baixada\/covid-19-comando-faz-balanco-das-medidas-negociadas-e-apresenta-novas-reivindicacoes-aos-bancos\/"},"modified":"2020-04-15T03:27:52","modified_gmt":"2020-04-15T06:27:52","slug":"covid-19-comando-faz-balanco-das-medidas-negociadas-e-apresenta-novas-reivindicacoes-aos-bancos","status":"publish","type":"post","link":"https:\/\/hostnetart.com.br\/baixada\/covid-19-comando-faz-balanco-das-medidas-negociadas-e-apresenta-novas-reivindicacoes-aos-bancos\/","title":{"rendered":"Covid-19: Comando faz balan\u00e7o das medidas negociadas e apresenta novas reivindica\u00e7\u00f5es aos bancos"},"content":{"rendered":"<div class=\"elementor-element elementor-element-194680ec elementor-widget elementor-widget-theme-post-content\" data-id=\"194680ec\" data-element_type=\"widget\" data-widget_type=\"theme-post-content.default\">\n<div class=\"elementor-widget-container\">\n<p>Em reuni\u00e3o realizada na segunda-feira (13) com o Comado Nacional dos Banc\u00e1rios, a Federa\u00e7\u00e3o Nacional dos Bancos (Fenaban) apresentou um balan\u00e7o das medidas j\u00e1 realizadas para o enfrentamento \u00e0 pandemia causada pelo novo coronav\u00edrus que tinham sido reivindicadas pelo Comando, como colocar o maior n\u00famero poss\u00edvel de banc\u00e1rios em home office e todas as medidas de prote\u00e7\u00e3o para quem est\u00e1 trabalhando.<\/p>\n<p>\u201cNossa negocia\u00e7\u00e3o come\u00e7ou um dia depois da OMS decretar a pandemia. Colocamos mais de 250 mil banc\u00e1rios em casa, em teletrabalho; conquistamos garantia de empregos e muitas medidas protetivas para os que est\u00e3o trabalhando. Por\u00e9m ainda estamos muito preocupados com aglomera\u00e7\u00f5es nas ag\u00eancias\u201d, disse a presidenta da Confedera\u00e7\u00e3o Nacional dos Trabalhadores do Ramo Financeiro (Contraf-CUT), Juvandia Moreira, que \u00e9 uma das coordenadoras do Comando Nacional dos Banc\u00e1rios. \u201cAs aglomera\u00e7\u00f5es colocam todo mundo em risco\u201d, observou.<\/p>\n<p>\u201cCobramos que os bancos providenciem testes r\u00e1pidos quando houver algu\u00e9m com suspeita de Covid-19 em alguma unidade\u201d, informou Juvandia.<\/p>\n<p>O Comando reafirmou tamb\u00e9m a proposta de que somente sejam atendidos presencialmente os casos essenciais e de extrema necessidade, mesmo assim, sob agendamento pr\u00e9vio. \u201cQuando as pessoas souberem que somente ser\u00e1 atendido quem estiver agendado, elas v\u00e3o parar de se aglomerar nas portas e arredores das ag\u00eancias\u201d, afirmou Ivone Silva, presidenta do Sindicato dos Banc\u00e1rios de S\u00e3o Paulo, e tamb\u00e9m uma das coordenadoras do Comando.<\/p>\n<p>Outra proposta do movimento sindical relacionada \u00e0s aglomera\u00e7\u00f5es que ser\u00e1 analisada pelos bancos \u00e9 que seja acionado o poder p\u00fablico para conter as aglomera\u00e7\u00f5es e em n\u00e3o sendo atendido, contratar seguran\u00e7as especificamente para passar orienta\u00e7\u00f5es e organizar as filas externas. \u201cAssim, os banc\u00e1rios podem realizar seus trabalhos dentro das ag\u00eancias, reduzindo a sobrecarga e agilizando o atendimento\u201d, explicou Juvandia.<\/p>\n<h3>Outras medidas em implanta\u00e7\u00e3o<\/h3>\n<p>A pedido do Comando, alguns bancos est\u00e3o implantando barreiras de acr\u00edlico nos pontos de atendimento, para evitar contato com os clientes. Os bancos que comp\u00f5em a mesa de negocia\u00e7\u00f5es tamb\u00e9m est\u00e3o providenciando e enviando \u00e0s unidades m\u00e1scaras com prote\u00e7\u00e3o de acetato frontal aos funcion\u00e1rios.<\/p>\n<h3>Valoriza\u00e7\u00e3o da negocia\u00e7\u00e3o coletiva<\/h3>\n<p>O Comando Nacional dos Banc\u00e1rios cobrou da Fenaban o respeito e a valoriza\u00e7\u00e3o da mesa de negocia\u00e7\u00e3o coletiva. \u201cHav\u00edamos acertado que todas as a\u00e7\u00f5es a serem tomadas, seja pelos sindicatos, seja pelos bancos, seriam trazidas previamente \u00e0 mesa de negocia\u00e7\u00f5es. Somente se n\u00e3o houvesse outro acerto na mesa \u00e9 que as medidas seriam implementadas\u201d, disse Juvandia. \u201cMas, tem banco colocando em pr\u00e1tica pontos da medida provis\u00f3ria 927, a exemplo de f\u00e9rias, sem que houvesse negocia\u00e7\u00e3o\u201d, cobrou.<\/p>\n<p>As medidas provis\u00f3rias editadas pelo governo afrouxam as regras para o trabalho remoto, banco de horas, f\u00e9rias individuais e coletivas, redu\u00e7\u00e3o de jornada e suspens\u00e3o de contratos e possibilita que estes mecanismos sejam implementados sem negocia\u00e7\u00e3o com os sindicatos.<\/p>\n<p>\u201cS\u00e3o medidas que podem impactar muito na vida dos trabalhadores e os bancos n\u00e3o poderiam implement\u00e1-las sem que houvesse negocia\u00e7\u00e3o. O Comando est\u00e1 \u00e0 disposi\u00e7\u00e3o para negociar e quer que os bancos valorizem a negocia\u00e7\u00e3o coletiva\u201d, concluiu Juvandia.<\/p>\n<p><strong>Fonte: Contraf-CUT<\/strong><\/p>\n<\/div>\n<\/div>\n","protected":false},"excerpt":{"rendered":"<p>Em reuni\u00e3o realizada na segunda-feira (13) com o Comado Nacional dos Banc\u00e1rios, a Federa\u00e7\u00e3o Nacional dos Bancos (Fenaban) apresentou um balan\u00e7o das medidas j\u00e1 realizadas para o enfrentamento \u00e0 pandemia causada pelo novo coronav\u00edrus que tinham sido reivindicadas pelo Comando, como colocar o maior n\u00famero poss\u00edvel de banc\u00e1rios em home office e todas as medidas [&hellip;]<\/p>\n","protected":false},"author":2,"featured_media":8684,"comment_status":"","ping_status":"","sticky":false,"template":"","format":"standard","meta":{"footnotes":""},"categories":[3],"tags":[],"class_list":["post-8685","post","type-post","status-publish","format-standard","has-post-thumbnail","hentry","category-noticias"],"_links":{"self":[{"href":"https:\/\/hostnetart.com.br\/baixada\/wp-json\/wp\/v2\/posts\/8685","targetHints":{"allow":["GET"]}}],"collection":[{"href":"https:\/\/hostnetart.com.br\/baixada\/wp-json\/wp\/v2\/posts"}],"about":[{"href":"https:\/\/hostnetart.com.br\/baixada\/wp-json\/wp\/v2\/types\/post"}],"author":[{"embeddable":true,"href":"https:\/\/hostnetart.com.br\/baixada\/wp-json\/wp\/v2\/users\/2"}],"replies":[{"embeddable":true,"href":"https:\/\/hostnetart.com.br\/baixada\/wp-json\/wp\/v2\/comments?post=8685"}],"version-history":[{"count":0,"href":"https:\/\/hostnetart.com.br\/baixada\/wp-json\/wp\/v2\/posts\/8685\/revisions"}],"wp:featuredmedia":[{"embeddable":true,"href":"https:\/\/hostnetart.com.br\/baixada\/wp-json\/wp\/v2\/media\/8684"}],"wp:attachment":[{"href":"https:\/\/hostnetart.com.br\/baixada\/wp-json\/wp\/v2\/media?parent=8685"}],"wp:term":[{"taxonomy":"category","embeddable":true,"href":"https:\/\/hostnetart.com.br\/baixada\/wp-json\/wp\/v2\/categories?post=8685"},{"taxonomy":"post_tag","embeddable":true,"href":"https:\/\/hostnetart.com.br\/baixada\/wp-json\/wp\/v2\/tags?post=8685"}],"curies":[{"name":"wp","href":"https:\/\/api.w.org\/{rel}","templated":true}]}}