{"id":8683,"date":"2020-04-14T21:12:35","date_gmt":"2020-04-15T00:12:35","guid":{"rendered":"https:\/\/hostnetart.com.br\/baixada\/mpt-recebe-quase-8-mil-denuncias-de-violacoes-trabalhistas-durante-periodo-de-pandemia\/"},"modified":"2020-04-14T21:12:35","modified_gmt":"2020-04-15T00:12:35","slug":"mpt-recebe-quase-8-mil-denuncias-de-violacoes-trabalhistas-durante-periodo-de-pandemia","status":"publish","type":"post","link":"https:\/\/hostnetart.com.br\/baixada\/mpt-recebe-quase-8-mil-denuncias-de-violacoes-trabalhistas-durante-periodo-de-pandemia\/","title":{"rendered":"MPT recebe quase 8 mil den\u00fancias de viola\u00e7\u00f5es trabalhistas durante per\u00edodo de pandemia"},"content":{"rendered":"<p>O Minist\u00e9rio P\u00fablico do Trabalho recebeu, segundo o \u00faltimo dado dispon\u00edvel, 7.565 den\u00fancias de viola\u00e7\u00f5es trabalhistas ligadas \u00e0 pandemia de covid-19. Apenas em S\u00e3o Paulo, foram 687, de acordo com o MPT local.<\/p>\n<p>Em 10 dias, at\u00e9 ontem (13), o n\u00famero cresceu 30%. O balan\u00e7o do \u00faltimo dia 3 indicava 5.800 casos. Nesse per\u00edodo, de acordo com o MPT, o total de inqu\u00e9ritos civis instaurados para apura\u00e7\u00e3o passou de 972 para 1.322. Notifica\u00e7\u00f5es, of\u00edcios e requisi\u00e7\u00f5es somam 17.345.<\/p>\n<p>\u201cDe forma preventiva, o MPT tem emitido um grande n\u00famero de recomenda\u00e7\u00f5es, com orienta\u00e7\u00f5es para diversos setores da economia, a fim de conscientizar os empregadores acerca das medidas que devem ser adotadas durante este per\u00edodo de quarentena, para resguardar a sa\u00fade e a seguran\u00e7a dos trabalhadores\u201d, diz o Minist\u00e9rio P\u00fablico. At\u00e9 ontem, o n\u00famero de recomenda\u00e7\u00f5es era de quase 5 mil.<\/p>\n<h3>Media\u00e7\u00e3o<\/h3>\n<p>Outra iniciativa \u00e9 de buscar media\u00e7\u00e3o entre as partes. Esses procedimentos j\u00e1 somam 100, ante 30 a\u00e7\u00f5es civis p\u00fablicas ajuizadas at\u00e9 agora. O MPT cita como exemplos negocia\u00e7\u00f5es nos \u00faltimos dias que evitaram demiss\u00f5es em massa de rodovi\u00e1rios em Pernambuco e no Amazonas.<\/p>\n<p>Muitas a\u00e7\u00f5es referem-se a uso de equipamentos de prote\u00e7\u00e3o. Na semana passada, por exemplo, a 3\u00aa Vara do Trabalho de Mogi das Cruzes (SP) deu liminar para que uma empresa de tecnologia (NeoBPO) proporcionasse ambiente de trabalho adequado aos funcion\u00e1rios. Parte deles estava em salas sem janelas, com baias muito pr\u00f3ximas e sem higieniza\u00e7\u00e3o. Nos refeit\u00f3rios, havia aglomera\u00e7\u00e3o, e as marmitas ficavam amontoadas na geladeira.<\/p>\n<p>De acordo com o MPT, autor da a\u00e7\u00e3o, a empresa alegou que \u201co presidente Jair Bolsonaro reiterou por vezes que a pandemia se refere a mera gripe\u201d e que o munic\u00edpio de Mogi n\u00e3o \u00e9 \u201cepicentro\u201d.<\/p>\n<p>A Justi\u00e7a do Trabalho tamb\u00e9m havia determinado que as plataformas digitais iFood e Rappi garantissem assist\u00eancia financeira a trabalhadores contaminados pelo coronav\u00edrus ou que integram grupos de risco. As empresas tamb\u00e9m deveriam fornecer material de higieniza\u00e7\u00e3o aos entregadores. A iFood conseguiu cassar a liminar, por decis\u00e3o da desembargadora D\u00f3ris Ribeiro Torres Prina, do\u00a0Tribunal Regional do Trabalho da 2\u00aa Regi\u00e3o (TRT-2), em S\u00e3o Paulo.<\/p>\n<p><strong>Fonte: Rede Brasil Atual<\/strong><\/p>\n","protected":false},"excerpt":{"rendered":"<p>O Minist\u00e9rio P\u00fablico do Trabalho recebeu, segundo o \u00faltimo dado dispon\u00edvel, 7.565 den\u00fancias de viola\u00e7\u00f5es trabalhistas ligadas \u00e0 pandemia de covid-19. Apenas em S\u00e3o Paulo, foram 687, de acordo com o MPT local. Em 10 dias, at\u00e9 ontem (13), o n\u00famero cresceu 30%. O balan\u00e7o do \u00faltimo dia 3 indicava 5.800 casos. Nesse per\u00edodo, de [&hellip;]<\/p>\n","protected":false},"author":2,"featured_media":8682,"comment_status":"","ping_status":"","sticky":false,"template":"","format":"standard","meta":{"footnotes":""},"categories":[3],"tags":[],"class_list":["post-8683","post","type-post","status-publish","format-standard","has-post-thumbnail","hentry","category-noticias"],"_links":{"self":[{"href":"https:\/\/hostnetart.com.br\/baixada\/wp-json\/wp\/v2\/posts\/8683","targetHints":{"allow":["GET"]}}],"collection":[{"href":"https:\/\/hostnetart.com.br\/baixada\/wp-json\/wp\/v2\/posts"}],"about":[{"href":"https:\/\/hostnetart.com.br\/baixada\/wp-json\/wp\/v2\/types\/post"}],"author":[{"embeddable":true,"href":"https:\/\/hostnetart.com.br\/baixada\/wp-json\/wp\/v2\/users\/2"}],"replies":[{"embeddable":true,"href":"https:\/\/hostnetart.com.br\/baixada\/wp-json\/wp\/v2\/comments?post=8683"}],"version-history":[{"count":0,"href":"https:\/\/hostnetart.com.br\/baixada\/wp-json\/wp\/v2\/posts\/8683\/revisions"}],"wp:featuredmedia":[{"embeddable":true,"href":"https:\/\/hostnetart.com.br\/baixada\/wp-json\/wp\/v2\/media\/8682"}],"wp:attachment":[{"href":"https:\/\/hostnetart.com.br\/baixada\/wp-json\/wp\/v2\/media?parent=8683"}],"wp:term":[{"taxonomy":"category","embeddable":true,"href":"https:\/\/hostnetart.com.br\/baixada\/wp-json\/wp\/v2\/categories?post=8683"},{"taxonomy":"post_tag","embeddable":true,"href":"https:\/\/hostnetart.com.br\/baixada\/wp-json\/wp\/v2\/tags?post=8683"}],"curies":[{"name":"wp","href":"https:\/\/api.w.org\/{rel}","templated":true}]}}