{"id":8681,"date":"2020-04-14T20:57:19","date_gmt":"2020-04-14T23:57:19","guid":{"rendered":"https:\/\/hostnetart.com.br\/baixada\/apos-cobranca-do-movimento-sindical-mercantil-do-brasil-disponibiliza-mascaras-de-acrilico-para-funcionarios-de-agencias\/"},"modified":"2020-04-14T20:57:19","modified_gmt":"2020-04-14T23:57:19","slug":"apos-cobranca-do-movimento-sindical-mercantil-do-brasil-disponibiliza-mascaras-de-acrilico-para-funcionarios-de-agencias","status":"publish","type":"post","link":"https:\/\/hostnetart.com.br\/baixada\/apos-cobranca-do-movimento-sindical-mercantil-do-brasil-disponibiliza-mascaras-de-acrilico-para-funcionarios-de-agencias\/","title":{"rendered":"Ap\u00f3s cobran\u00e7a do movimento sindical, Mercantil do Brasil disponibiliza m\u00e1scaras de acr\u00edlico para funcion\u00e1rios de ag\u00eancias"},"content":{"rendered":"<div class=\"elementor-element elementor-element-194680ec elementor-widget elementor-widget-theme-post-content\" data-id=\"194680ec\" data-element_type=\"widget\" data-widget_type=\"theme-post-content.default\">\n<div class=\"elementor-widget-container\">\n<p>Ap\u00f3s cobran\u00e7as do movimento sindical por mais seguran\u00e7a para banc\u00e1rios e clientes contra o coronav\u00edrus, o Mercantil do Brasil confirmou que adquiriu e vai distribuir, gratuitamente, m\u00e1scaras de acr\u00edlico a todos os seus funcion\u00e1rios que est\u00e3o nas ag\u00eancias fazendo o atendimento \u00e0 popula\u00e7\u00e3o. O banco informou que trabalha para disponibilizar as m\u00e1scaras o mais r\u00e1pido poss\u00edvel, dependendo da log\u00edstica para a entrega em toda a sua rede.<\/p>\n<p>Os novos equipamentos visam a prote\u00e7\u00e3o dos banc\u00e1rios e demais pessoas que se encontram no mesmo ambiente das unidades.<\/p>\n<p>Para o diretor do Sindicato, Marco Aur\u00e9lio Alves, que \u00e9 coordenador nacional da Comiss\u00e3o de Organiza\u00e7\u00e3o dos Empregados (COE) do Mercantil, \u00e9 importante cobrar mais garantias para os banc\u00e1rios do Mercantil que se encontram sobrecarregados e em iminente risco de cont\u00e1gio, mas as m\u00e1scaras de acr\u00edlico j\u00e1 s\u00e3o um importante avan\u00e7o. \u201cA grande vantagem \u00e9 que os novos equipamentos protegem mais que as m\u00e1scaras de tecido, pois resguardam os olhos, a boca e o nariz, al\u00e9m de poderem ser higienizadas. Isto garante mais seguran\u00e7a e conforto aos funcion\u00e1rios que atendem diretamente os clientes\u201d, afirmou.<\/p>\n<p>O funcion\u00e1rio do Mercantil e diretor do Sindicato, Vanderci Ant\u00f4nio da Silva, ressaltou que o banco ainda n\u00e3o atende as cobran\u00e7as do movimento sindical em rela\u00e7\u00e3o ao acesso de clientes \u00e0s ag\u00eancias, que vivem lotadas de benefici\u00e1rios de INSS. Por isso, nada mais justo que ofere\u00e7a um m\u00ednimo de seguran\u00e7a aos funcion\u00e1rios das ag\u00eancias.<\/p>\n<p>\u201cAs m\u00e1scaras transparentes evitam que os banc\u00e1rios tenham contato com saliva e fluidos corporais de terceiros, sendo indicadas para prote\u00e7\u00e3o nesse momento. Por\u00e9m, nossa outra demanda \u00e9 a instala\u00e7\u00e3o dos protetores de acr\u00edlico nas ag\u00eancias. O Mercantil desconversa e alega dificuldades de encontrar empresas e materiais dispon\u00edveis para o servi\u00e7o, o que \u00e9 dif\u00edcil de aceitar. Mas, com certeza, seguiremos insistindo nessa demanda\u201d, destacou Vanderci.<\/p>\n<p><strong>Fonte: Contraf-CUT<\/strong><\/p>\n<\/div>\n<\/div>\n","protected":false},"excerpt":{"rendered":"<p>Ap\u00f3s cobran\u00e7as do movimento sindical por mais seguran\u00e7a para banc\u00e1rios e clientes contra o coronav\u00edrus, o Mercantil do Brasil confirmou que adquiriu e vai distribuir, gratuitamente, m\u00e1scaras de acr\u00edlico a todos os seus funcion\u00e1rios que est\u00e3o nas ag\u00eancias fazendo o atendimento \u00e0 popula\u00e7\u00e3o. O banco informou que trabalha para disponibilizar as m\u00e1scaras o mais r\u00e1pido [&hellip;]<\/p>\n","protected":false},"author":2,"featured_media":8680,"comment_status":"","ping_status":"","sticky":false,"template":"","format":"standard","meta":{"footnotes":""},"categories":[3],"tags":[],"class_list":["post-8681","post","type-post","status-publish","format-standard","has-post-thumbnail","hentry","category-noticias"],"_links":{"self":[{"href":"https:\/\/hostnetart.com.br\/baixada\/wp-json\/wp\/v2\/posts\/8681","targetHints":{"allow":["GET"]}}],"collection":[{"href":"https:\/\/hostnetart.com.br\/baixada\/wp-json\/wp\/v2\/posts"}],"about":[{"href":"https:\/\/hostnetart.com.br\/baixada\/wp-json\/wp\/v2\/types\/post"}],"author":[{"embeddable":true,"href":"https:\/\/hostnetart.com.br\/baixada\/wp-json\/wp\/v2\/users\/2"}],"replies":[{"embeddable":true,"href":"https:\/\/hostnetart.com.br\/baixada\/wp-json\/wp\/v2\/comments?post=8681"}],"version-history":[{"count":0,"href":"https:\/\/hostnetart.com.br\/baixada\/wp-json\/wp\/v2\/posts\/8681\/revisions"}],"wp:featuredmedia":[{"embeddable":true,"href":"https:\/\/hostnetart.com.br\/baixada\/wp-json\/wp\/v2\/media\/8680"}],"wp:attachment":[{"href":"https:\/\/hostnetart.com.br\/baixada\/wp-json\/wp\/v2\/media?parent=8681"}],"wp:term":[{"taxonomy":"category","embeddable":true,"href":"https:\/\/hostnetart.com.br\/baixada\/wp-json\/wp\/v2\/categories?post=8681"},{"taxonomy":"post_tag","embeddable":true,"href":"https:\/\/hostnetart.com.br\/baixada\/wp-json\/wp\/v2\/tags?post=8681"}],"curies":[{"name":"wp","href":"https:\/\/api.w.org\/{rel}","templated":true}]}}