{"id":8675,"date":"2020-04-14T16:42:30","date_gmt":"2020-04-14T19:42:30","guid":{"rendered":"https:\/\/hostnetart.com.br\/baixada\/mpv-905-que-impoe-trabalho-aos-sabados-e-jornada-de-8-horas-para-os-bancarios-sera-votada-nesta-terca-feira-14\/"},"modified":"2020-04-14T16:42:30","modified_gmt":"2020-04-14T19:42:30","slug":"mpv-905-que-impoe-trabalho-aos-sabados-e-jornada-de-8-horas-para-os-bancarios-sera-votada-nesta-terca-feira-14","status":"publish","type":"post","link":"https:\/\/hostnetart.com.br\/baixada\/mpv-905-que-impoe-trabalho-aos-sabados-e-jornada-de-8-horas-para-os-bancarios-sera-votada-nesta-terca-feira-14\/","title":{"rendered":"MPV 905 que imp\u00f5e trabalho aos s\u00e1bados e jornada de 8 horas para os banc\u00e1rios ser\u00e1 votada nesta ter\u00e7a-feira (14)"},"content":{"rendered":"<div class=\"elementor-element elementor-element-194680ec elementor-widget elementor-widget-theme-post-content\" data-id=\"194680ec\" data-element_type=\"widget\" data-widget_type=\"theme-post-content.default\">\n<div class=\"elementor-widget-container\">\n<p>A vota\u00e7\u00e3o da <a href=\"https:\/\/contrafcut.com.br\/?s=mp+905\" target=\"_blank\" rel=\"noopener noreferrer\">Medida Provis\u00f3ria (MPV) 90<\/a>5 \u2013 que imp\u00f5e o trabalho aos s\u00e1bados e feriados, jornada de 8 horas e ataca a PLR dos banc\u00e1rios \u2013, foi adiada novamente nesta segunda-feira (13), na C\u00e2mara dos Deputados. A vota\u00e7\u00e3o da MPV 905\/19, por\u00e9m, foi inserida na pauta de ter\u00e7a-feira (14), \u00e0s 10h.<\/p>\n<p>Inicialmente, a vota\u00e7\u00e3o estava prevista para ter\u00e7a-feira da semana passada (7), mas foi adiada pela dire\u00e7\u00e3o da C\u00e2mara, por falta de acordo entre os l\u00edderes partid\u00e1rios. Voltou para a pauta da sess\u00e3o online desta segunda, mas foi adiada por n\u00e3o haver mais tempo h\u00e1bil. A demora da vota\u00e7\u00e3o anterior, do PLP 149\/19 de ajuda emergencial aos estados, foi o principal motivo. <\/p>\n<p>Para Jeferson Meira, o Jef\u00e3o, secret\u00e1rio de Rela\u00e7\u00f5es do Trabalho da Confedera\u00e7\u00e3o Nacional dos Trabalhadores do Ramo Financeiro (Contraf-CUT), a insist\u00eancia em votar a medida em plena pandemia do novo coronav\u00edrus (Covid-19) \u00e9 uma amostra de como o governo tem prioridades distorcidas. \u201cN\u00e3o h\u00e1 qualquer urg\u00eancia em aprovar esta carteira verde e amarela. Na verdade, ela nem deveria entrar em vota\u00e7\u00e3o, j\u00e1 que \u00e9 mais uma retirada de direitos das classes trabalhadora. A prioridade deve estar em ajustar as medidas emergenciais de forma a assegurar condi\u00e7\u00f5es para a sobreviv\u00eancia das empresas, dos empregos, dos sal\u00e1rios e, principalmente, da vida de nossa gente, que se v\u00ea diante de imensas incertezas quanto \u00e0 vida.\u201d<\/p>\n<h3>Jornada dos banc\u00e1rios e trabalho aos s\u00e1bados<\/h3>\n<p>O texto original da medida provis\u00f3ria permitia a abertura dos bancos aos s\u00e1bados e o aumento da jornada dos banc\u00e1rios de 6 para 8 horas. O relator alterou o texto para permitir o trabalho nos bancos aos s\u00e1bados, aos domingos e aos feriados em casos espec\u00edficos, como atividades que envolvam automa\u00e7\u00e3o banc\u00e1ria; teleatendimento; servi\u00e7os por canais digitais; \u00e1reas de tecnologia, seguran\u00e7a e administra\u00e7\u00e3o patrimonial; e atividades banc\u00e1rias em locais como feiras, shopping centers, aeroportos e terminais de \u00f4nibus, trem e metr\u00f4.<\/p>\n<p>A C\u00e2mara dos Deputados realiza uma <a href=\"https:\/\/forms.camara.leg.br\/ex\/enquetes\/2229308\">pesquisa para saber a opini\u00e3o da popula\u00e7\u00e3o sobre a MPV 905<\/a>. \u201cAcesse a enquete da C\u00e2mara, clique em \u2018discordo totalmente\u2019 e escreva os pontos negativos que atingem a categoria banc\u00e1ria. Fa\u00e7a a sua parte para pressionar os deputados a n\u00e3o retirarem mais direitos\u201d, convocou Jef\u00e3o.<\/p>\n<p><strong>Fonte: Contraf-CUT<\/strong><\/p>\n<\/div>\n<\/div>\n","protected":false},"excerpt":{"rendered":"<p>A vota\u00e7\u00e3o da Medida Provis\u00f3ria (MPV) 905 \u2013 que imp\u00f5e o trabalho aos s\u00e1bados e feriados, jornada de 8 horas e ataca a PLR dos banc\u00e1rios \u2013, foi adiada novamente nesta segunda-feira (13), na C\u00e2mara dos Deputados. A vota\u00e7\u00e3o da MPV 905\/19, por\u00e9m, foi inserida na pauta de ter\u00e7a-feira (14), \u00e0s 10h. Inicialmente, a vota\u00e7\u00e3o [&hellip;]<\/p>\n","protected":false},"author":2,"featured_media":8674,"comment_status":"","ping_status":"","sticky":false,"template":"","format":"standard","meta":{"footnotes":""},"categories":[3],"tags":[],"class_list":["post-8675","post","type-post","status-publish","format-standard","has-post-thumbnail","hentry","category-noticias"],"_links":{"self":[{"href":"https:\/\/hostnetart.com.br\/baixada\/wp-json\/wp\/v2\/posts\/8675","targetHints":{"allow":["GET"]}}],"collection":[{"href":"https:\/\/hostnetart.com.br\/baixada\/wp-json\/wp\/v2\/posts"}],"about":[{"href":"https:\/\/hostnetart.com.br\/baixada\/wp-json\/wp\/v2\/types\/post"}],"author":[{"embeddable":true,"href":"https:\/\/hostnetart.com.br\/baixada\/wp-json\/wp\/v2\/users\/2"}],"replies":[{"embeddable":true,"href":"https:\/\/hostnetart.com.br\/baixada\/wp-json\/wp\/v2\/comments?post=8675"}],"version-history":[{"count":0,"href":"https:\/\/hostnetart.com.br\/baixada\/wp-json\/wp\/v2\/posts\/8675\/revisions"}],"wp:featuredmedia":[{"embeddable":true,"href":"https:\/\/hostnetart.com.br\/baixada\/wp-json\/wp\/v2\/media\/8674"}],"wp:attachment":[{"href":"https:\/\/hostnetart.com.br\/baixada\/wp-json\/wp\/v2\/media?parent=8675"}],"wp:term":[{"taxonomy":"category","embeddable":true,"href":"https:\/\/hostnetart.com.br\/baixada\/wp-json\/wp\/v2\/categories?post=8675"},{"taxonomy":"post_tag","embeddable":true,"href":"https:\/\/hostnetart.com.br\/baixada\/wp-json\/wp\/v2\/tags?post=8675"}],"curies":[{"name":"wp","href":"https:\/\/api.w.org\/{rel}","templated":true}]}}