{"id":8671,"date":"2020-04-13T21:02:10","date_gmt":"2020-04-14T00:02:10","guid":{"rendered":"https:\/\/hostnetart.com.br\/baixada\/hoje-tem-negociacao-com-a-fenaban\/"},"modified":"2020-04-13T21:02:10","modified_gmt":"2020-04-14T00:02:10","slug":"hoje-tem-negociacao-com-a-fenaban","status":"publish","type":"post","link":"https:\/\/hostnetart.com.br\/baixada\/hoje-tem-negociacao-com-a-fenaban\/","title":{"rendered":"Hoje tem negocia\u00e7\u00e3o com a Fenaban"},"content":{"rendered":"<p>O Comando Nacional dos Banc\u00e1rios se re\u00fane por videoconfer\u00eancia na tarde desta segunda-feira (13) com a Federa\u00e7\u00e3o Nacional dos Bancos (Fenaban) para dar continuidade \u00e0s negocia\u00e7\u00f5es sobre as medidas implementadas pelos bancos para o enfrentamento \u00e0 pandemia gerada pelo novo coronav\u00edrus.<\/p>\n<p> Entre as medidas que far\u00e3o parte da mesa, mais uma vez, o Comando vai cobrar que o atendimento presencial nas ag\u00eancias seja feito somente com agendamento pr\u00e9vio e para os casos essenciais, que visam suprir a subsist\u00eancia dos usu\u00e1rios e clientes. Tamb\u00e9m ser\u00e1 cobrado que os bancos contratem seguran\u00e7as para organizar as filas no lado de fora das ag\u00eancias.<\/p>\n<p><strong>Fonte: Contraf-CUT<\/strong><\/p>\n","protected":false},"excerpt":{"rendered":"<p>O Comando Nacional dos Banc\u00e1rios se re\u00fane por videoconfer\u00eancia na tarde desta segunda-feira (13) com a Federa\u00e7\u00e3o Nacional dos Bancos (Fenaban) para dar continuidade \u00e0s negocia\u00e7\u00f5es sobre as medidas implementadas pelos bancos para o enfrentamento \u00e0 pandemia gerada pelo novo coronav\u00edrus. Entre as medidas que far\u00e3o parte da mesa, mais uma vez, o Comando vai [&hellip;]<\/p>\n","protected":false},"author":2,"featured_media":8670,"comment_status":"","ping_status":"","sticky":false,"template":"","format":"standard","meta":{"footnotes":""},"categories":[3],"tags":[],"class_list":["post-8671","post","type-post","status-publish","format-standard","has-post-thumbnail","hentry","category-noticias"],"_links":{"self":[{"href":"https:\/\/hostnetart.com.br\/baixada\/wp-json\/wp\/v2\/posts\/8671","targetHints":{"allow":["GET"]}}],"collection":[{"href":"https:\/\/hostnetart.com.br\/baixada\/wp-json\/wp\/v2\/posts"}],"about":[{"href":"https:\/\/hostnetart.com.br\/baixada\/wp-json\/wp\/v2\/types\/post"}],"author":[{"embeddable":true,"href":"https:\/\/hostnetart.com.br\/baixada\/wp-json\/wp\/v2\/users\/2"}],"replies":[{"embeddable":true,"href":"https:\/\/hostnetart.com.br\/baixada\/wp-json\/wp\/v2\/comments?post=8671"}],"version-history":[{"count":0,"href":"https:\/\/hostnetart.com.br\/baixada\/wp-json\/wp\/v2\/posts\/8671\/revisions"}],"wp:featuredmedia":[{"embeddable":true,"href":"https:\/\/hostnetart.com.br\/baixada\/wp-json\/wp\/v2\/media\/8670"}],"wp:attachment":[{"href":"https:\/\/hostnetart.com.br\/baixada\/wp-json\/wp\/v2\/media?parent=8671"}],"wp:term":[{"taxonomy":"category","embeddable":true,"href":"https:\/\/hostnetart.com.br\/baixada\/wp-json\/wp\/v2\/categories?post=8671"},{"taxonomy":"post_tag","embeddable":true,"href":"https:\/\/hostnetart.com.br\/baixada\/wp-json\/wp\/v2\/tags?post=8671"}],"curies":[{"name":"wp","href":"https:\/\/api.w.org\/{rel}","templated":true}]}}