{"id":8669,"date":"2020-04-13T15:59:06","date_gmt":"2020-04-13T18:59:06","guid":{"rendered":"https:\/\/hostnetart.com.br\/baixada\/pandemia-ressalta-a-desigualdade-brasileira-e-ameaca-os-empregos\/"},"modified":"2020-04-13T15:59:06","modified_gmt":"2020-04-13T18:59:06","slug":"pandemia-ressalta-a-desigualdade-brasileira-e-ameaca-os-empregos","status":"publish","type":"post","link":"https:\/\/hostnetart.com.br\/baixada\/pandemia-ressalta-a-desigualdade-brasileira-e-ameaca-os-empregos\/","title":{"rendered":"Pandemia ressalta a desigualdade brasileira e amea\u00e7a os empregos"},"content":{"rendered":"<p>A epidemia de coronav\u00edrus, al\u00e9m de aumentar o desemprego, vai ressaltar mais uma vez a desigualdade brasileira, na avalia\u00e7\u00e3o de debatedores reunidos pela Oxfam Brasil na noite de quinta-feira (9). Eles lembram, por um lado, de pessoas que j\u00e1 vivem aglomeradas e n\u00e3o t\u00eam como seguir regras de isolamento ou adotar o chamado <em>home office<\/em>. Por outro, apesar das recomenda\u00e7\u00f5es em contr\u00e1rio, a press\u00e3o para permanecer trabalhando, que atinge os mais pobres.<\/p>\n<p>\u201cQuem n\u00e3o pode parar s\u00e3o as pessoas que j\u00e1 est\u00e3o mais vulner\u00e1veis, na periferia\u201d, diz o advogado Daniel Teixeira, diretor do Centro de Estudos das Rela\u00e7\u00f5es de Trabalho e Desigualdades (Ceert). \u201cVoc\u00ea tem fam\u00edlias que moram muitas vezes em 10, 12 pessoas, em casas pequenas, numa realidade bem diferente de possibilidades de isolamento que a gente tem em uma parcela pequena da popula\u00e7\u00e3o\u201d, acrescenta, lembrando que a crise atual mostra \u201ccomo funciona a desigualdade no Brasil\u201d.<\/p>\n<ul>\n<li><a href=\"https:\/\/www.redebrasilatual.com.br\/tag\/coronavirus\/\" target=\"_blank\" rel=\"noopener noreferrer\">Leia tamb\u00e9m: as not\u00edcias, entrevistas e an\u00e1lises sobre a pandemia<\/a><\/li>\n<li><a href=\"https:\/\/www.redebrasilatual.com.br\/mundo\/2020\/04\/argentina-leva-fica-em-casa-a-serio-e-tem-resultados-notaveis-contra-coronavirus\/\" target=\"_blank\" rel=\"noopener noreferrer\">Argentina leva \u2018fica em casa\u2019 a s\u00e9rio e tem \u2018resultados not\u00e1veis\u2019 contra coronav\u00edrus<\/a><\/li>\n<li><a href=\"https:\/\/www.redebrasilatual.com.br\/economia\/2020\/04\/economia-mundial-crise-efeitos-imprevisiveis-estado-prese\/\" target=\"_blank\" rel=\"noopener noreferrer\">Economistas veem crise de efeitos imprevis\u00edveis e temem segunda onda da pandemia<\/a><\/li>\n<\/ul>\n<p>A percep\u00e7\u00e3o \u00e9 de que \u201cos pobres\u00a0t\u00eam que trabalhar\u201d, resume a administradora Nathalia Rodrigues, a Nath Finan\u00e7as, especialista em educa\u00e7\u00e3o financeira para popula\u00e7\u00e3o de baixa renda. Ela conta ter recebido den\u00fancias de pessoas que n\u00e3o s\u00e3o liberadas do trabalho apesar de serem portadoras do v\u00edrus. Habituada a dar dicas de investimento, Nath diz que o momento \u00e9 de \u201cter empatia com as pessoas\u201d.<\/p>\n<h2>Papel do Estado<\/h2>\n<p>Ela observa que a situa\u00e7\u00e3o ajuda a refletir sobre a import\u00e2ncia do Estado. E destaca a aprova\u00e7\u00e3o da renda b\u00e1sica emergencial, que come\u00e7ou a ser liberada nesta semana, mas lembra que o governo, inicialmente, defendia um valor de apenas R$ 200, que passou a R$ 600 no Congresso. Tamb\u00e9m \u00e9 preciso, diz Nath, viabilizar recursos para os aut\u00f4nomos e pequenos empreendedores.<\/p>\n<p>A diretora-executiva da Oxfam Brasil, K\u00e1tia Maia, lembra que o mundo inteiro est\u00e1 fazendo \u201caportes gigantescos\u201d de recursos para ajudar as pessoas a atravessar esse per\u00edodo. E considera injusto, como chegou a se fazer no Brasil, tornar o debate uma escolha entre \u201csa\u00fade e renda\u201d. Tamb\u00e9m \u00e9 preciso atrair a juventude para o debate. \u201d KatiaTrazer a juventude para o debate. Esse \u00e9 o momento em que \u00e9 importante escutar os diferentes da sociedade. O que a gente vai construir como sociedade?\u201d<\/p>\n<p>Daniel aponta a presen\u00e7a do \u201cracismo estrutural\u201d no Brasil: de cada tr\u00eas desempregados, dois s\u00e3o pretos ou pardos (classifica\u00e7\u00e3o usada pelo IBGE), que em m\u00e9dia recebem 53% do que ganham os brancos. No Brasil, a gente tem um caso muito espec\u00edfico, onde a nossa matriz de desigualdade tem o come\u00e7o pelo racismo\u201d, diz.<\/p>\n<p>Essa situa\u00e7\u00e3o deve tamb\u00e9m se retratar no coronav\u00edrus. Ele lembra que a organiza\u00e7\u00e3o Coaliz\u00e3o Negra por Direitos tenta obter dados que mostrem um \u201crecorte\u201d da doen\u00e7a pela cor. Isso j\u00e1 est\u00e1 acontecendo nos Estados Unidos, onde a maior parte das v\u00edtimas que morrem \u00e9 negra, segundo as informa\u00e7\u00f5es dispon\u00edveis.<\/p>\n<p>O diretor do Ceert tamb\u00e9m critica a postura do presidente Jair Bolsonaro, que inicialmente falou em \u201cgripezinha\u201d para se referir ao coronav\u00edrus e depois declarou que seu \u201chist\u00f3rico de atleta\u201d o preservaria. \u201cE insistiu numa posi\u00e7\u00e3o de in\u00e9rcia. Isso deixou a gente sem lideran\u00e7a, do ponto de vista governamental, que pudesse deixar o pa\u00eds mais preparado. Acho que essa in\u00e9rcia, no in\u00edcio, custou caro\u201d, diz. \u201cAgora, quando h\u00e1 uma tentativa de mudar o discurso, as pessoas v\u00e3o percebendo, e a cartada toda \u00e9 em cima da cloroquina, a panaceia, para desfazer a in\u00e9rcia.\u201d<\/p>\n<h3>Pensamento \u00fanico<\/h3>\n<p>Qualquer reforma no Brasil deve passar pela quest\u00e3o da desigualdade, emenda Daniel, referindo-se aos que chama de \u201cguedistas\u201d, men\u00e7\u00e3o ao ministro da Economia, Paulo Guedes. \u201cMuitas vezes ou\u00e7o falar em reforma tribut\u00e1ria sem falar sobre imposto sobre grandes fortunas\u201d, exemplifica. Ele aponta ainda um certo \u201cpensamento \u00fanico\u201d, pr\u00f3-mercado, nos meios de comunica\u00e7\u00e3o tradicionais.<\/p>\n<p>Falar em genoc\u00eddio, aqui, n\u00e3o \u00e9 for\u00e7a de express\u00e3o, diz Daniel. Ele lembra que o \u00faltimo genoc\u00eddio legalmente reconhecido foi o que vitimou aproximadamente 9 mil b\u00f3snios mu\u00e7ulmanos, em 1995. E morre \u201cmais que o triplo disso por ano de jovens negros no Brasil\u201d.<\/p>\n<p>Os debatedores falam sobre o papel social das empresas. Nath cita decis\u00e3o judicial que obrigava o Ifood a pagar trabalhadores afastados \u2013 posteriormente, a plataforma derrubou a liminar. \u201cAs pessoas est\u00e3o lucrando com os trabalhadores informais. Pessoas que pensam que s\u00e3o empres\u00e1rios porque est\u00e3o trabalhando com aplicativo. E quem est\u00e1 trabalhando nesses aplicativos s\u00e3o pessoas negras, a maioria.\u201d Ela acredita, inclusive, que muitas empresas j\u00e1 queriam demitir e usam a pandemia como pretexto.<\/p>\n<h3>Contra o teto de gastos<\/h3>\n<p>\u201cDeve aumentar o desemprego. \u00c9 muita gente que est\u00e1 sendo demitida. N\u00e3o \u00e9 pra pensar o que vai afetar a economia, mas as pessoas. \u00c9 o curto prazo, agora\u201d, diz, prevendo tamb\u00e9m aumento de pre\u00e7os mais \u00e0 frente e refor\u00e7ando as cr\u00edticas ao poder p\u00fablico.<\/p>\n<p>\u201cO governo, se fizesse uma a\u00e7\u00e3o antes de falar que era uma gripezinha, uma histeria\u2026 \u00c9 pandemia, n\u00e3o \u00e9 histeria. Vamos passar por um momento dif\u00edcil de recess\u00e3o. Temos de revogar o teto de gastos\u201d, afirma Nath, referindo-se \u00e0 Emenda Constitucional 95, que congelou gastos p\u00fablicos. \u201cTemos de valorizar o SUS. Fazer a\u00e7\u00f5es nas comunidades para arrecadar alimentos. Pegar o exemplo de outros pa\u00edses e fazer melhor.\u201d<\/p>\n<p>Daniel considera fundamental ressaltar o papel do SUS, \u201cque \u00e9 t\u00e3o invisibilizado, sucateado, inclusive do ponto de vista simb\u00f3lico\u201d. Ele considera \u201ctemer\u00e1ria\u201d a emenda do teto de gastos, restringindo investimento em \u00e1reas como sa\u00fade e educa\u00e7\u00e3o.<\/p>\n<h3>Mais meio bilh\u00e3o na pobreza<\/h3>\n<p>Para a Oxfam, a crise econ\u00f4mica provocada pela pandemia pode levar mais meio bilh\u00e3o de pessoas para a pobreza, \u201ca menos que a\u00e7\u00f5es urgentes sejam tomadas para ajudar pa\u00edses em desenvolvimento\u201d. A organiza\u00e7\u00e3o espera que na semana que vem, quando se reunir\u00e3o os ministros da Economia dos pa\u00edses do G20, mais o Banco Mundial e o Fundo Monet\u00e1rio Internacional, seja aprovado um plano emergencial.<\/p>\n<p>Em relat\u00f3rio publicado ontem, a Oxfam lembra ainda que os mais pobres, inclusive nas maiores economias, \u201catuam mais no mercado informal, n\u00e3o t\u00eam prote\u00e7\u00f5es trabalhistas e n\u00e3o conseguem trabalhar de casa\u201d. Em todo o mundo, s\u00f3 um em cada cinco desempregados tem acesso a benef\u00edcios como o seguro-desemprego. S\u00e3o 2 bilh\u00f5es de pessoas no setor informal.<\/p>\n<p>A situa\u00e7\u00e3o se agrava no Brasil. \u201cA necess\u00e1ria e urgente ado\u00e7\u00e3o das medidas de distanciamento social e de funcionamento das cidades restrito aos servi\u00e7os essenciais aprofundam essa situa\u00e7\u00e3o. Seja com as demiss\u00f5es, suspens\u00e3o de pagamento de sal\u00e1rios, inviabilidade do trabalho informal, o qual depende do funcionamento das cidades; ou com as moradias prec\u00e1rias, a falta de saneamento e \u00e1gua, al\u00e9m dos desafios no acesso a servi\u00e7os essenciais para a maioria da base da pir\u00e2mide social.\u201d<\/p>\n<p>\u201cO Brasil tem cerca de 40 milh\u00f5es de trabalhadores sem carteira assinada e cerca de 12 milh\u00f5es de desempregados\u201d, lembra a organiza\u00e7\u00e3o. \u201cEstima-se que a crise econ\u00f4mica provocada pelo coronav\u00edrus adicione, ao menos, mais 2,5 milh\u00f5es de pessoas entre os desempregados, segundo estimativas do mercado financeiro divulgados recentemente.\u201d<\/p>\n<p>\u201cO coronavirus coloca o Brasil diante de uma dura e cruel realidade ao combinar os piores indicadores sociais em um mesmo local e na mesma hora. E \u00e9 neste momento que o Estado tem um papel fundamental para reduzir esse impacto e cumprir sua responsabilidade constitucional, tanto na redu\u00e7\u00e3o da pobreza e das desigualdades como na garantia \u00e0 vida da popula\u00e7\u00e3o\u201d, afirma K\u00e1tia Maia.\u00a0<\/p>\n<p><strong>Fonte: Rede Brasil Atual<\/strong><\/p>\n","protected":false},"excerpt":{"rendered":"<p>A epidemia de coronav\u00edrus, al\u00e9m de aumentar o desemprego, vai ressaltar mais uma vez a desigualdade brasileira, na avalia\u00e7\u00e3o de debatedores reunidos pela Oxfam Brasil na noite de quinta-feira (9). Eles lembram, por um lado, de pessoas que j\u00e1 vivem aglomeradas e n\u00e3o t\u00eam como seguir regras de isolamento ou adotar o chamado home office. [&hellip;]<\/p>\n","protected":false},"author":2,"featured_media":8668,"comment_status":"","ping_status":"","sticky":false,"template":"","format":"standard","meta":{"footnotes":""},"categories":[3],"tags":[],"class_list":["post-8669","post","type-post","status-publish","format-standard","has-post-thumbnail","hentry","category-noticias"],"_links":{"self":[{"href":"https:\/\/hostnetart.com.br\/baixada\/wp-json\/wp\/v2\/posts\/8669","targetHints":{"allow":["GET"]}}],"collection":[{"href":"https:\/\/hostnetart.com.br\/baixada\/wp-json\/wp\/v2\/posts"}],"about":[{"href":"https:\/\/hostnetart.com.br\/baixada\/wp-json\/wp\/v2\/types\/post"}],"author":[{"embeddable":true,"href":"https:\/\/hostnetart.com.br\/baixada\/wp-json\/wp\/v2\/users\/2"}],"replies":[{"embeddable":true,"href":"https:\/\/hostnetart.com.br\/baixada\/wp-json\/wp\/v2\/comments?post=8669"}],"version-history":[{"count":0,"href":"https:\/\/hostnetart.com.br\/baixada\/wp-json\/wp\/v2\/posts\/8669\/revisions"}],"wp:featuredmedia":[{"embeddable":true,"href":"https:\/\/hostnetart.com.br\/baixada\/wp-json\/wp\/v2\/media\/8668"}],"wp:attachment":[{"href":"https:\/\/hostnetart.com.br\/baixada\/wp-json\/wp\/v2\/media?parent=8669"}],"wp:term":[{"taxonomy":"category","embeddable":true,"href":"https:\/\/hostnetart.com.br\/baixada\/wp-json\/wp\/v2\/categories?post=8669"},{"taxonomy":"post_tag","embeddable":true,"href":"https:\/\/hostnetart.com.br\/baixada\/wp-json\/wp\/v2\/tags?post=8669"}],"curies":[{"name":"wp","href":"https:\/\/api.w.org\/{rel}","templated":true}]}}