{"id":8667,"date":"2020-04-13T15:56:54","date_gmt":"2020-04-13T18:56:54","guid":{"rendered":"https:\/\/hostnetart.com.br\/baixada\/reduzir-salarios-aprofunda-crise-a-falta-de-um-projeto-de-nacao-esta-escancarada\/"},"modified":"2020-04-13T15:56:54","modified_gmt":"2020-04-13T18:56:54","slug":"reduzir-salarios-aprofunda-crise-a-falta-de-um-projeto-de-nacao-esta-escancarada","status":"publish","type":"post","link":"https:\/\/hostnetart.com.br\/baixada\/reduzir-salarios-aprofunda-crise-a-falta-de-um-projeto-de-nacao-esta-escancarada\/","title":{"rendered":"Reduzir sal\u00e1rios aprofunda crise. A falta de um projeto de na\u00e7\u00e3o est\u00e1 escancarada"},"content":{"rendered":"<p>Para o professor-doutor Antonio Corr\u00eaa de Lacerda, embora ainda seja dif\u00edcil prever a extens\u00e3o e os efeitos da pandemia na economia e na crise global, \u00e9 poss\u00edvel afirmar que pelo menos uma das a\u00e7\u00f5es adotadas at\u00e9 agora pelo governo brasileiro \u00e9 equivocada: editar uma medida provis\u00f3ria que permite redu\u00e7\u00e3o salarial, caso da MP 936, <a href=\"https:\/\/www.redebrasilatual.com.br\/trabalho\/2020\/04\/stf-reducao-salarial-negociada-sindicatos\/\" target=\"_blank\" rel=\"noopener noreferrer\">questionada, inclusive, no Supremo Tribunal Federal.<\/a><\/p>\n<p>\u00c9 um \u201cauto-engano\u201d, define o tamb\u00e9m diretor da Faculdade de Economia, Administra\u00e7\u00e3o, Contabilidade e Ci\u00eancias Atuariais da Pontif\u00edcia Universidade Cat\u00f3lica de S\u00e3o Paulo (FEA\/PUC-SP) e presidente do Conselho Federal de Economia. \u201cSem sal\u00e1rio, n\u00e3o h\u00e1 consumo. Sem consumo, n\u00e3o h\u00e1 produ\u00e7\u00e3o e sem produ\u00e7\u00e3o n\u00e3o h\u00e1 emprego.\u201d A medida pode trazer um al\u00edvio imediato, mas vai aprofundar a crise, avalia.<\/p>\n<p>Autor do livro <em>O Mito da Austeridade<\/em> (Editora Contracorrente), Lacerda critica o recorrente pensamento ortodoxo, do ajuste fiscal a qualquer pre\u00e7o e de menor presen\u00e7a do Estado na economia. \u201cNo Brasil, s\u00e3o aplicadas pol\u00edticas que poucos ainda defendem mundialmente.\u201d A pandemia do coronav\u00edrus escancara esse erro.<\/p>\n<hr class=\"wp-block-separator is-style-wide\" \/>\n<ul>\n<li><a href=\"https:\/\/www.redebrasilatual.com.br\/economia\/2020\/04\/economia-mundial-crise-efeitos-imprevisiveis-estado-prese\/\" target=\"_blank\" rel=\"noopener noreferrer\">Economistas veem crise de efeitos imprevis\u00edveis e temem segunda onda da pandemia<\/a><\/li>\n<li><a href=\"https:\/\/www.redebrasilatual.com.br\/economia\/2020\/04\/pandemia-ressalta-desigualdade-brasileira-ameaca-emprego\/\" target=\"_blank\" rel=\"noopener noreferrer\">Pandemia ressalta a desigualdade brasileira e amea\u00e7a os empregos<\/a><\/li>\n<li><a href=\"https:\/\/www.redebrasilatual.com.br\/trabalho\/2020\/04\/metalurgicos-do-abc-aprovam-suspensao-do-contrato-em-quatro-fabricas\/\" target=\"_blank\" rel=\"noopener noreferrer\">Metal\u00fargicos do ABC aprovam suspens\u00e3o do contrato em quatro f\u00e1bricas<\/a><\/li>\n<li><a href=\"https:\/\/www.redebrasilatual.com.br\/trabalho\/2020\/04\/metalurgicos-da-gm-aprovam-suspensao-dos-contratos-com-reducao-salarial\/\" target=\"_blank\" rel=\"noopener noreferrer\">Metal\u00fargicos da GM aprovam suspens\u00e3o dos contratos com redu\u00e7\u00e3o salarial<\/a><\/li>\n<\/ul>\n<hr class=\"wp-block-separator is-style-wide\" \/>\n<h2>Tamanho da crise<\/h2>\n<p><strong>Com a pandemia, h\u00e1 alguma previs\u00e3o poss\u00edvel de se fazer a esta altura, considerando que a economia j\u00e1 dava sinais de crise?<\/strong><br \/>Na verdade, a profundidade e extens\u00e3o da crise brasileira v\u00e3o depender do mesmo processo internacional, do tamanho da crise sanit\u00e1ria e da efic\u00e1cia e dimens\u00e3o das medidas do governo para combat\u00ea-las.<\/p>\n<p><strong>Especificamente para o Brasil, qual \u00e9 o cen\u00e1rio? O que esperar do mercado de trabalho, por exemplo?<\/strong><br \/>O quadro de recess\u00e3o (queda do PIB) est\u00e1 dado. N\u00e3o se sabe ainda de quanto, mas podemos prognosticar algo entre -3% e -6%, a depender dos aspectos levantados na quest\u00e3o anterior. O desemprego aumentar\u00e1. Menos consumo, menor produ\u00e7\u00e3o, menos emprego, em um ciclo vicioso. Da\u00ed a import\u00e2ncia de medidas para compensar a recess\u00e3o, pelo menos em parte.<\/p>\n<p><strong>As medidas apresentadas at\u00e9 agora pelo governo s\u00e3o suficientes?\u00a0<\/strong><br \/> Embora na dire\u00e7\u00e3o correta, ainda s\u00e3o muito t\u00edmidas, tardias e insuficientes relativamente \u00e0 crise que se prenuncia. \u00c9 preciso mais volume de recursos e maior efetividade a agilidade na sua execu\u00e7\u00e3o.<\/p>\n<p><strong>Qual sua vis\u00e3o sobre a Medida Provis\u00f3ria 936, que permite redu\u00e7\u00e3o de sal\u00e1rios? N\u00e3o deveria haver um esfor\u00e7o para preservar a renda neste momento, al\u00e9m da sobreviv\u00eancia das empresas?<\/strong><br \/>Reduzir sal\u00e1rio \u00e9 uma falsa solu\u00e7\u00e3o. Um autoengano. Pode amenizar a situa\u00e7\u00e3o da empresa, no curto prazo. Mas sem sal\u00e1rio n\u00e3o h\u00e1 consumo. Sem consumo n\u00e3o h\u00e1 produ\u00e7\u00e3o e sem produ\u00e7\u00e3o n\u00e3o h\u00e1 emprego. Ou seja, do ponto de vista macroecon\u00f4mico reduzir sal\u00e1rio n\u00e3o resolve, pelo contr\u00e1rio, aprofunda a crise. Uma alternativa seria cobrir a diferen\u00e7a com recursos do Estado, o que de certa forma est\u00e1 proposto, mas de forma limitada.<\/p>\n<h2>O \u201cmercado\u201d na Berlinda<\/h2>\n<p><strong>\u201cO que restou da ind\u00fastria brasileira\u201d, como o senhor diz, \u00e9 dependente de insumos da China. O pa\u00eds est\u00e1 pagando pela falta de pol\u00edtica industrial?<\/strong><br \/>A aus\u00eancia de um projeto de na\u00e7\u00e3o que contemple uma abordagem ampla de desenvolvimento est\u00e1 ausente h\u00e1 um bom tempo. Em momento de crise, como agora, na pandemia, isso fica mais evidente na economia. Destru\u00edmos nossa capacidade de industrializa\u00e7\u00e3o e isso faz muita falta. Dependemos de importa\u00e7\u00e3o n\u00e3o s\u00f3 de aparelhos sofisticados, mas de material m\u00e9dico b\u00e1sico, como luvas, m\u00e1scaras e respiradores, por exemplo.<\/p>\n<p><strong>Muito se fala, agora \u2013 em meio \u00e0 pandemia \u2013, na presen\u00e7a do Estado para recuperar a economia. Isso p\u00f5e na berlinda a vis\u00e3o ortodoxa do ajuste fiscal a qualquer pre\u00e7o, ou \u00e9 apenas uma \u201cconcess\u00e3o\u201d moment\u00e2nea?<\/strong><br \/> A hist\u00f3ria j\u00e1 mostrou que a vis\u00e3o ortodoxa liberal, a corrente principal do pensamento econ\u00f4mico sempre ressurge, apesar das evid\u00eancias em contr\u00e1rio da sua efic\u00e1cia. No Brasil, ent\u00e3o, s\u00e3o aplicadas politicas que poucos ainda defendem mundialmente. A revers\u00e3o atual \u00e9 circunstancial, pois a vis\u00e3o predominante entre os agentes financeiros e sua influ\u00eancia no debate p\u00fablico \u00e9 a contr\u00e1ria.<\/p>\n<p><strong>E quanto ao papel antic\u00edclico dos bancos p\u00fablicos? Os recentes ataques n\u00e3o comprometeram a capacidade do setor de fomentar investimentos<\/strong>?<br \/>Totalmente. Perdeu-se um tempo precioso em busca de uma suposta \u201ccaixa-preta\u201d nos empr\u00e9stimos do BNDES, que j\u00e1 foi oficialmente descartada, inclusive pelos seus dirigentes atuais. Mas, no tempo das <em>fake news<\/em> e da p\u00f3s-verdade, isso sempre retorna, empobrecendo o debate do papel crucial dos bancos p\u00fablicos no Brasil.<\/p>\n<h2>D\u00f3lar e outras moedas<\/h2>\n<p><strong>Apesar das \u201cbrechas\u201d abertas agora, emergencialmente, a chamada emenda do teto de gastos atrapalha o combate \u00e0 crise e mesmo uma poss\u00edvel retomada, mais \u00e0 frente?<\/strong><br \/>A Emenda Constitucional 95, cuja aprova\u00e7\u00e3o em 2016 foi um equ\u00edvoco, precisa ser revertida. \u00c9 um absurdo colocar todos os gastos p\u00fablicos na mesma cesta, inclusive investimentos em infraestrutura e os sociais. Ainda mais, congel\u00e1-los por 20 anos!<\/p>\n<p><strong>At\u00e9 onde vai a alta do d\u00f3lar, ou, no nosso caso, a desvaloriza\u00e7\u00e3o do real? Que consequ\u00eancias isso traz para nossa balan\u00e7a comercial?<\/strong><br \/>Ningu\u00e9m sabe. Na crise o d\u00f3lar se valoriza frente \u00e0s demais moedas e o real vai junto. Enquanto durar a crise, haver\u00e1 volatilidade. As consequ\u00eancias s\u00e3o: encarecimento dos importados e, em tese, um incentivo \u00e0s exporta\u00e7\u00f5es. Mas isso n\u00e3o \u00e9 autom\u00e1tico, depende de aproveitar as importa\u00e7\u00f5es mais caras para reconverter a ind\u00fastria. E as exporta\u00e7\u00f5es dependem de compradores. Como o mercado internacional est\u00e1 mais retra\u00eddo e mais competitivo, isso vai depender tamb\u00e9m das nossas estrat\u00e9gias comerciais.<\/p>\n<p><strong>Por que o sr. considera equivocada a compara\u00e7\u00e3o entre or\u00e7amento p\u00fablico e or\u00e7amento dom\u00e9stico, t\u00e3o presente na m\u00eddia brasileira?<\/strong><br \/>Aqui n\u00e3o se trata de opini\u00e3o, mas constata\u00e7\u00e3o. O or\u00e7amento das fam\u00edlias e o das empresas t\u00eam que se adaptar \u00e0 receita, especialmente na crise. Mas o Estado det\u00e9m o monop\u00f3lio de emiss\u00e3o de t\u00edtulos da d\u00edvida e de moeda, al\u00e9m de obriga\u00e7\u00f5es que lhe s\u00e3o atribu\u00eddas pela Constitui\u00e7\u00e3o Federal. Portanto, a compara\u00e7\u00e3o, embora usual e que serve de justificativa para a \u201causteridade\u201d, n\u00e3o \u00e9 cab\u00edvel.<\/p>\n<p><strong><span style=\"text-decoration: underline;\">Fonte: Rede Brasil Atual<\/span><\/strong><\/p>\n","protected":false},"excerpt":{"rendered":"<p>Para o professor-doutor Antonio Corr\u00eaa de Lacerda, embora ainda seja dif\u00edcil prever a extens\u00e3o e os efeitos da pandemia na economia e na crise global, \u00e9 poss\u00edvel afirmar que pelo menos uma das a\u00e7\u00f5es adotadas at\u00e9 agora pelo governo brasileiro \u00e9 equivocada: editar uma medida provis\u00f3ria que permite redu\u00e7\u00e3o salarial, caso da MP 936, questionada, [&hellip;]<\/p>\n","protected":false},"author":2,"featured_media":8666,"comment_status":"","ping_status":"","sticky":false,"template":"","format":"standard","meta":{"footnotes":""},"categories":[3],"tags":[],"class_list":["post-8667","post","type-post","status-publish","format-standard","has-post-thumbnail","hentry","category-noticias"],"_links":{"self":[{"href":"https:\/\/hostnetart.com.br\/baixada\/wp-json\/wp\/v2\/posts\/8667","targetHints":{"allow":["GET"]}}],"collection":[{"href":"https:\/\/hostnetart.com.br\/baixada\/wp-json\/wp\/v2\/posts"}],"about":[{"href":"https:\/\/hostnetart.com.br\/baixada\/wp-json\/wp\/v2\/types\/post"}],"author":[{"embeddable":true,"href":"https:\/\/hostnetart.com.br\/baixada\/wp-json\/wp\/v2\/users\/2"}],"replies":[{"embeddable":true,"href":"https:\/\/hostnetart.com.br\/baixada\/wp-json\/wp\/v2\/comments?post=8667"}],"version-history":[{"count":0,"href":"https:\/\/hostnetart.com.br\/baixada\/wp-json\/wp\/v2\/posts\/8667\/revisions"}],"wp:featuredmedia":[{"embeddable":true,"href":"https:\/\/hostnetart.com.br\/baixada\/wp-json\/wp\/v2\/media\/8666"}],"wp:attachment":[{"href":"https:\/\/hostnetart.com.br\/baixada\/wp-json\/wp\/v2\/media?parent=8667"}],"wp:term":[{"taxonomy":"category","embeddable":true,"href":"https:\/\/hostnetart.com.br\/baixada\/wp-json\/wp\/v2\/categories?post=8667"},{"taxonomy":"post_tag","embeddable":true,"href":"https:\/\/hostnetart.com.br\/baixada\/wp-json\/wp\/v2\/tags?post=8667"}],"curies":[{"name":"wp","href":"https:\/\/api.w.org\/{rel}","templated":true}]}}