{"id":864,"date":"2014-03-20T00:00:00","date_gmt":"2014-03-20T03:00:00","guid":{"rendered":"https:\/\/hostnetart.com.br\/baixada\/tse-lanca-campanha-para-incentivar-participacao-da-mulher-na-politica\/"},"modified":"2014-03-20T00:00:00","modified_gmt":"2014-03-20T03:00:00","slug":"tse-lanca-campanha-para-incentivar-participacao-da-mulher-na-politica","status":"publish","type":"post","link":"https:\/\/hostnetart.com.br\/baixada\/tse-lanca-campanha-para-incentivar-participacao-da-mulher-na-politica\/","title":{"rendered":"TSE lan\u00e7a campanha para incentivar participa\u00e7\u00e3o da mulher na pol\u00edtica"},"content":{"rendered":"<p>Emissoras de r\u00e1dio e televis\u00e3o de todo o pa\u00eds come\u00e7am a veicular nesta quinta-feira (20) uma campanha para conscientizar a popula\u00e7\u00e3o sobre a import\u00e2ncia da participa\u00e7\u00e3o da mulher na pol\u00edtica. Com o slogan \u201cFa\u00e7a parte da pol\u00edtica\u201d e a hashtag #vempraurna, esta ser\u00e1 a primeira campanha do Tribunal Superior Eleitoral (TSE) com tal objetivo.<\/p>\n<p>Em sess\u00e3o solene do Congresso Nacional nesta quarta-feira (19), o presidente do TSE, ministro Marco Aur\u00e9lio Mello, lembrou que a a\u00e7\u00e3o foi motivada pela minirreforma eleitoral aprovada pelo Legislativo no ano passado. A Lei 12.891\/2013 estabelece que, em anos eleitorais, de mar\u00e7o a junho, o TSE \u201cpoder\u00e1 promover propaganda institucional, em r\u00e1dio e televis\u00e3o, destinada a incentivar a igualdade de g\u00eanero e a participa\u00e7\u00e3o feminina na pol\u00edtica\u201d.<\/p>\n<p>De acordo com a legisla\u00e7\u00e3o eleitoral, os partidos devem preencher o m\u00ednimo de 30% e o m\u00e1ximo de 70% para candidaturas de cada sexo. A lei tamb\u00e9m prev\u00ea o repasse de pelo menos 5% dos recursos do fundo partid\u00e1rio para cria\u00e7\u00e3o de programas de promo\u00e7\u00e3o e difus\u00e3o da participa\u00e7\u00e3o pol\u00edtica das mulheres. A lei determina ainda que mulheres ocupem pelo menos 10% do tempo de propaganda partid\u00e1ria gratuita.<\/p>\n<p>Apesar das exig\u00eancias da lei, movimentos feministas e defensores de uma maior participa\u00e7\u00e3o feminina na pol\u00edtica, reclamam que a norma ainda n\u00e3o \u00e9 efetivamente cumprida, j\u00e1 que n\u00e3o h\u00e1 nenhum tipo de san\u00e7\u00e3o para os partidos que descumprirem a exig\u00eancia das cotas.<\/p>\n<p>O presidente do TSE reconheceu que a falta de san\u00e7\u00e3o \u00e9 uma falha e disse que, geralmente, s\u00f3 quando h\u00e1 puni\u00e7\u00e3o, uma norma se torna eficaz. \u201cN\u00f3s n\u00e3o podemos ficar na \u00f3tica de que temos um Brasil do faz de conta. O Brasil \u00e9 republicano e, a partir do momento em que os partidos pol\u00edticos n\u00e3o observam o que previsto na legisla\u00e7\u00e3o, cabe ao Minist\u00e9rio P\u00fablico interferir e representar contra o partido pol\u00edtico\u201d, ressaltou Marco Aur\u00e9lio. Segundo ele, na pr\u00e1tica, para cumprir a exig\u00eancia da lei, muitas legendas apenas inscrevem mulheres-laranja nas chapas e n\u00e3o investem de fato nas campanhas delas.<\/p>\n<p>Marco Aur\u00e9lio Mello destacou que, o Brasil est\u00e1 entre os pa\u00edses com menor \u00edndice de participa\u00e7\u00e3o feminina no Legislativo e no Executivo, ocupando a 156\u00aa posi\u00e7\u00e3o em um ranking de 188 na\u00e7\u00f5es sobre igualdade na presen\u00e7a de homens e mulheres no Parlamento. De cada dez eleitos, nove, em m\u00e9dia, s\u00e3o homens.<\/p>\n<p>No Congresso, as representantes do sexo feminino s\u00e3o apenas 9 dos 81 senadores e 45 dos 513 deputados. A desigualdade tamb\u00e9m se repete nas assembleias legislativos e c\u00e2maras de vereadores.<\/p>\n<p>\u201cDesde a conquista do direito ao voto pelas mulheres, a evolu\u00e7\u00e3o de nossa presen\u00e7a no Parlamento \u00e9 pequena. As mulheres s\u00e3o 52% do eleitorado, mas menos de 10% nos parlamentos. Falta estabelecer pol\u00edticas que permitam essa participa\u00e7\u00e3o, faltam campanhas permanentes que esclare\u00e7am a sociedade\u201d, disse a senadora Vanessa Grazziotin (PCdoB-AM).<\/p>\n<p>\u201c\u00c9 importante que essa elei\u00e7\u00e3o [de outubro deste ano] seja diferente em rela\u00e7\u00e3o \u00e0 quest\u00e3o de g\u00eanero. Mudar a pr\u00e1tica, a atitude dos partidos pol\u00edticos. N\u00e3o basta indicar mulheres candidatas. \u00c9 fundamental indicar mulheres, mas garantir condi\u00e7\u00f5es para que elas possam mesmo disputar o espa\u00e7o na representa\u00e7\u00e3o pol\u00edtica. Isso precisa acontecer numa velocidade maior\u201d, disse o presidente do Senado, Renan Calheiros (PMDB-AL), admitindo que o Congresso deve pensar em meios que punam os partidos que desrespeitarem a norma.<\/p>\n<p>Fonte: Ag\u00eancia Brasil<\/p>\n","protected":false},"excerpt":{"rendered":"<p>Emissoras de r\u00e1dio e televis\u00e3o de todo o pa\u00eds come\u00e7am a veicular nesta quinta-feira (20) uma campanha para conscientizar a popula\u00e7\u00e3o sobre a import\u00e2ncia da participa\u00e7\u00e3o da mulher na pol\u00edtica. Com o slogan \u201cFa\u00e7a parte da pol\u00edtica\u201d e a hashtag #vempraurna, esta ser\u00e1 a primeira campanha do Tribunal Superior Eleitoral (TSE) com tal objetivo. Em [&hellip;]<\/p>\n","protected":false},"author":1,"featured_media":0,"comment_status":"","ping_status":"","sticky":false,"template":"","format":"standard","meta":{"footnotes":""},"categories":[3],"tags":[],"class_list":["post-864","post","type-post","status-publish","format-standard","hentry","category-noticias"],"_links":{"self":[{"href":"https:\/\/hostnetart.com.br\/baixada\/wp-json\/wp\/v2\/posts\/864","targetHints":{"allow":["GET"]}}],"collection":[{"href":"https:\/\/hostnetart.com.br\/baixada\/wp-json\/wp\/v2\/posts"}],"about":[{"href":"https:\/\/hostnetart.com.br\/baixada\/wp-json\/wp\/v2\/types\/post"}],"author":[{"embeddable":true,"href":"https:\/\/hostnetart.com.br\/baixada\/wp-json\/wp\/v2\/users\/1"}],"replies":[{"embeddable":true,"href":"https:\/\/hostnetart.com.br\/baixada\/wp-json\/wp\/v2\/comments?post=864"}],"version-history":[{"count":0,"href":"https:\/\/hostnetart.com.br\/baixada\/wp-json\/wp\/v2\/posts\/864\/revisions"}],"wp:attachment":[{"href":"https:\/\/hostnetart.com.br\/baixada\/wp-json\/wp\/v2\/media?parent=864"}],"wp:term":[{"taxonomy":"category","embeddable":true,"href":"https:\/\/hostnetart.com.br\/baixada\/wp-json\/wp\/v2\/categories?post=864"},{"taxonomy":"post_tag","embeddable":true,"href":"https:\/\/hostnetart.com.br\/baixada\/wp-json\/wp\/v2\/tags?post=864"}],"curies":[{"name":"wp","href":"https:\/\/api.w.org\/{rel}","templated":true}]}}