{"id":8625,"date":"2020-04-07T15:33:31","date_gmt":"2020-04-07T18:33:31","guid":{"rendered":"https:\/\/hostnetart.com.br\/baixada\/confira-o-calendario-de-pagamento-do-auxilio-emergencial\/"},"modified":"2020-04-07T15:33:31","modified_gmt":"2020-04-07T18:33:31","slug":"confira-o-calendario-de-pagamento-do-auxilio-emergencial","status":"publish","type":"post","link":"https:\/\/hostnetart.com.br\/baixada\/confira-o-calendario-de-pagamento-do-auxilio-emergencial\/","title":{"rendered":"Confira o calend\u00e1rio de pagamento do aux\u00edlio emergencial"},"content":{"rendered":"<p>O governo federal lan\u00e7ou nesta ter\u00e7a-feira (7) <a href=\"https:\/\/www.redebrasilatual.com.br\/cidadania\/2020\/04\/governo-anuncia-cadastramento-para-renda-emergencial-durante-coronavirus\/?fbclid=IwAR2d5RTiwNy0AQQ5zKx9fpikGWnT3v4lgnOjwWxRbp6QsiE7idVnfhYehkQ\" target=\"_blank\" rel=\"noopener noreferrer\">um site e um aplicativo de celular<\/a> para cadastrar os trabalhadores aut\u00f4nomos, informais e microempreendedores individuais (MEIs) que t\u00eam direito ao aux\u00edlio emergencial de R$ 600 a R$ 1.200 durante a crise do coronav\u00edrus. Ser\u00e3o pagas tr\u00eas parcelas, inicialmente, referente a tr\u00eas meses de aux\u00edlio.<\/p>\n<p>Segundo o presidente da Caixa, Pedro Guimar\u00e3es, a <strong>primeira parcela<\/strong> come\u00e7ar\u00e1 a ser paga na pr\u00f3xima quinta-feira (9), para aqueles que possuem poupan\u00e7a da Caixa ou s\u00e3o correntistas do Banco do Brasil. Os demais dever\u00e3o receber at\u00e9 o dia 14 de abril. A promessa \u00e9 que o pagamento seja feito em at\u00e9 48 horas depois da conclus\u00e3o do cadastro no site ou no aplicativo.<\/p>\n<p>Para coibir fraudes, ele afirmou que o \u00fanico aplicativo oficial \u00e9 Caixa Aux\u00edlio Emergencial e o site \u00e9 <a href=\"https:\/\/auxilio.caixa.gov.br\/#\/inicio\" target=\"_blank\" rel=\"noopener noreferrer\">auxilio.caixa.gov.br<\/a>. \u201cQualquer outro site ou app \u00e9 falso\u201d, alertou.<\/p>\n<p>Os valores poder\u00e3o ser sacados em lot\u00e9ricas, ag\u00eancias da Caixa, do Banco do Brasil, Banco da Amaz\u00f4nia e Banco do Nordeste. Ou poder\u00e3o ser transferidos, sem custo, para qualquer contas de quaisquer outros bancos.<\/p>\n<p>A <strong>segunda parcela<\/strong> ser\u00e1 paga entre 27 e 30 de abril, e a <strong>terceira<\/strong>, entre 26 e 29 de maio. O aux\u00edlio poder\u00e1 ser estendido, caso seja necess\u00e1ria a amplia\u00e7\u00e3o do per\u00edodo de isolamento social necess\u00e1rio para conter a dissemina\u00e7\u00e3o da doen\u00e7a.<\/p>\n<p>No telefone 111, \u00e9 poss\u00edvel tirar d\u00favidas sobre o cadastramento.<\/p>\n<h2>Quem deve se cadastrar?<\/h2>\n<p>No site ou no aplicativo, devem se cadastrar trabalhadores aut\u00f4nomos, informais e Microempreendedores Individuais (MEIs) que n\u00e3o se registraram no Cadastro \u00danico (Cad\u00danico) at\u00e9 20 de mar\u00e7o. Benefici\u00e1rios do Bolsa Fam\u00edlia e os demais que j\u00e1 est\u00e3o no Cad\u00danico n\u00e3o precisam realizar novo cadastramento.<\/p>\n<p>Tem direito ao aux\u00edlio aqueles que t\u00eam renda mensal\u00a0<em>per capita<\/em>\u00a0de at\u00e9 meio sal\u00e1rio m\u00ednimo (R$ 522,50) ou renda familiar mensal total de at\u00e9 tr\u00eas sal\u00e1rios m\u00ednimos (R$ 3.135), e que n\u00e3o tenham recebido rendimentos tribut\u00e1veis acima de R$ 28.559,70 em 2018.<\/p>\n<p>Mulheres chefe de fam\u00edlia que se enquadrem em tais crit\u00e9rios receberam R$ 1.200. Para os demais, o benef\u00edcio est\u00e1 limitado a duas pessoas por fam\u00edlia.<\/p>\n<p>Aqueles que recebem o Bolsa Fam\u00edlia ter\u00e3o o benef\u00edcio substitu\u00eddo pela renda emergencial, quando o valor desta \u00faltima for mais vantajoso. Ao final dos tr\u00eas meses, ou enquanto vigorar o aux\u00edlio excepcional, os benefici\u00e1rios voltar\u00e3o automaticamente a receber os valores anteriores, caso continuem cumprindo os crit\u00e9rios do programa.<\/p>\n<p>N\u00e3o poder\u00e3o requisitar a renda emergencial pessoas que recebem outros benef\u00edcios previdenci\u00e1rios ou assistenciais, como aposentadorias e seguro-desemprego.<\/p>\n<p><strong>Fonte: Rede Brasil Atual<\/strong><\/p>\n","protected":false},"excerpt":{"rendered":"<p>O governo federal lan\u00e7ou nesta ter\u00e7a-feira (7) um site e um aplicativo de celular para cadastrar os trabalhadores aut\u00f4nomos, informais e microempreendedores individuais (MEIs) que t\u00eam direito ao aux\u00edlio emergencial de R$ 600 a R$ 1.200 durante a crise do coronav\u00edrus. Ser\u00e3o pagas tr\u00eas parcelas, inicialmente, referente a tr\u00eas meses de aux\u00edlio. Segundo o presidente [&hellip;]<\/p>\n","protected":false},"author":2,"featured_media":8624,"comment_status":"","ping_status":"","sticky":false,"template":"","format":"standard","meta":{"footnotes":""},"categories":[3],"tags":[],"class_list":["post-8625","post","type-post","status-publish","format-standard","has-post-thumbnail","hentry","category-noticias"],"_links":{"self":[{"href":"https:\/\/hostnetart.com.br\/baixada\/wp-json\/wp\/v2\/posts\/8625","targetHints":{"allow":["GET"]}}],"collection":[{"href":"https:\/\/hostnetart.com.br\/baixada\/wp-json\/wp\/v2\/posts"}],"about":[{"href":"https:\/\/hostnetart.com.br\/baixada\/wp-json\/wp\/v2\/types\/post"}],"author":[{"embeddable":true,"href":"https:\/\/hostnetart.com.br\/baixada\/wp-json\/wp\/v2\/users\/2"}],"replies":[{"embeddable":true,"href":"https:\/\/hostnetart.com.br\/baixada\/wp-json\/wp\/v2\/comments?post=8625"}],"version-history":[{"count":0,"href":"https:\/\/hostnetart.com.br\/baixada\/wp-json\/wp\/v2\/posts\/8625\/revisions"}],"wp:featuredmedia":[{"embeddable":true,"href":"https:\/\/hostnetart.com.br\/baixada\/wp-json\/wp\/v2\/media\/8624"}],"wp:attachment":[{"href":"https:\/\/hostnetart.com.br\/baixada\/wp-json\/wp\/v2\/media?parent=8625"}],"wp:term":[{"taxonomy":"category","embeddable":true,"href":"https:\/\/hostnetart.com.br\/baixada\/wp-json\/wp\/v2\/categories?post=8625"},{"taxonomy":"post_tag","embeddable":true,"href":"https:\/\/hostnetart.com.br\/baixada\/wp-json\/wp\/v2\/tags?post=8625"}],"curies":[{"name":"wp","href":"https:\/\/api.w.org\/{rel}","templated":true}]}}