{"id":8621,"date":"2020-04-07T15:01:18","date_gmt":"2020-04-07T18:01:18","guid":{"rendered":"https:\/\/hostnetart.com.br\/baixada\/novaes-nao-nega-declaracoes-desastrosas\/"},"modified":"2020-04-07T15:01:18","modified_gmt":"2020-04-07T18:01:18","slug":"novaes-nao-nega-declaracoes-desastrosas","status":"publish","type":"post","link":"https:\/\/hostnetart.com.br\/baixada\/novaes-nao-nega-declaracoes-desastrosas\/","title":{"rendered":"Novaes n\u00e3o nega declara\u00e7\u00f5es desastrosas"},"content":{"rendered":"<div class=\"elementor-element elementor-element-194680ec elementor-widget elementor-widget-theme-post-content\" data-id=\"194680ec\" data-element_type=\"widget\" data-widget_type=\"theme-post-content.default\">\n<div class=\"elementor-widget-container\">\n<p>O presidente do Banco do Brasil, Rubem Novaes, respondeu \u00e0 <a href=\"https:\/\/contrafcut.com.br\/wp-content\/uploads\/2020\/03\/nota-caref-covid-_1.pdf?x21470\" target=\"_blank\" rel=\"noopener noreferrer\">nota de rep\u00fadio<\/a> da Conselheira de Administra\u00e7\u00e3o Representante dos Funcion\u00e1rios (Caref) do banco, D\u00e9bora Fonseca, sobre declara\u00e7\u00f5es desastrosas de Novaes.<\/p>\n<p>Na reposta \u00e0 Caref, o presidente do BB disse apenas que a frase citada na reportagem publicada pela <a href=\"https:\/\/aovivo.folha.uol.com.br\/equilibrioesaude\/2020\/03\/12\/5893-acompanhe-todas-as-informacoes-sobre-a-pandemia-de-coronavirus.shtml#post399280\" target=\"_blank\" rel=\"noopener noreferrer\">Folha de S. Paulo<\/a>, \u201cproferida em um chat de economistas renomados, vazada de forma anti\u00e9tica e fora do contexto\u201d. Em mensagem enviada a um grupo de WhatsApp, na quarta-feira (25), Novaes disse que a vida n\u00e3o tem \u201cvalor infinito\u201d e que \u201cmuita bobagem \u00e9 feita e dita, inclusive por economistas, por julgarem que a vida tem valor infinito. O v\u00edrus tem que ser balanceado com a atividade econ\u00f4mica\u201d.<\/p>\n<p>\u201cApesar de triste, \u00e9 fundamental observar que Novaes n\u00e3o nega que tenha feito a afirma\u00e7\u00e3o. E, o presidente do banco dizer que a \u2018vida n\u00e3o tem valor infinito\u2019, \u00e9 o mesmo que dizer que economia est\u00e1 acima da vida; \u00e9 o mesmo que dizer \u2018se infectem para criar anticorpos, e, se morrerem, n\u00e3o tem problema. O que n\u00e3o pode \u00e9 a economia parar\u2019\u201d, criticou o coordenador da Comiss\u00e3o de Empresa dos Funcion\u00e1rios do BB, Jo\u00e3o Fukunaga. \u201cUm declara\u00e7\u00e3o como essa gera mais desespero, medo e inseguran\u00e7a nos funcion\u00e1rios, que continuam trabalhando e se expondo ao risco de cont\u00e1gio pelo novo coronav\u00edrus\u201d, completou. \u201cImagina como fica a cabe\u00e7a dos funcion\u00e1rios!\u201d<\/p>\n<p>Apesar de tentar se redimir de culpa, as declara\u00e7\u00f5es desastrosas de Novaes s\u00e3o famosas. Um dia antes de enviar a mensagem no chat, em uma entrevista publicada pelo jornal <a href=\"https:\/\/contrafcut.com.br\/noticias\/presidente-do-bb-diz-que-vida-nao-tem-valor-infinito\/\" target=\"_blank\" rel=\"noopener noreferrer\">Valor Econ\u00f4mico<\/a>, Novaes ele j\u00e1 havia dito que as quarentenas contra a propaga\u00e7\u00e3o do v\u00edrus causar\u00e3o \u201cdepress\u00e3o econ\u00f4mica com efeitos piores que os da epidemia\u201d.<\/p>\n<p>No dia 30 de mar\u00e7o, foi a vez do jornal <a href=\"https:\/\/contrafcut.com.br\/noticias\/presidente-do-bb-trabalha-contra-recomendacoes-para-contencao-da-covid-19\/\" target=\"_blank\" rel=\"noopener noreferrer\">O Globo<\/a> publicar declara\u00e7\u00f5es de Novaes, defendendo que a popula\u00e7\u00e3o seja infectada \u201co quanto antes\u201d para \u201cque a economia volte a funcionar\u201d.<\/p>\n<p>\u201c\u00c9 incr\u00edvel! Ser\u00e1 que todos os jornais tiraram do contexto as falas do Banco do Brasil?\u201d, questiona Fukunaga.<\/p>\n<h3><strong>Medidas contra a Covid-19<\/strong><\/h3>\n<p>Em sua <a href=\"https:\/\/contrafcut.com.br\/respostanovaes-caref\/\" target=\"_blank\" rel=\"noopener noreferrer\">resposta \u00e0 Caref<\/a>, o presidente do BB busca se defender afirmando que o Banco do Brasil est\u00e1 implementando diversas medidas de preven\u00e7\u00e3o \u00e0 doen\u00e7a.<\/p>\n<p>\u201cEle s\u00f3 n\u00e3o falou que as medidas forma implementadas pelo banco ap\u00f3s <a href=\"https:\/\/contrafcut.com.br\/noticias\/comando-nacional-dos-bancarios-solicita-informacoes-a-fenaban-sobre-coronavirus\/\" target=\"_blank\" rel=\"noopener noreferrer\">reivindica\u00e7\u00f5es apresentadas pelo Comando Nacional dos Banc\u00e1rios<\/a> \u00e0 Fenaban\u201d, observou D\u00e9bora Fonseca.<\/p>\n<p>D\u00e9bora destacou ainda o papel fundamental do movimento sindical banc\u00e1rio nas <a href=\"https:\/\/contrafcut.com.br\/fecha-com-a-gente\/\" target=\"_blank\" rel=\"noopener noreferrer\">negocia\u00e7\u00f5es com os bancos<\/a>. \u201c\u00c9 importante que os trabalhadores busquem apoio dos seus sindicatos e seus representantes. Assim como \u00e9 importante que as d\u00favidas e den\u00fancias sejam encaminhadas \u00e0 mesa de negocia\u00e7\u00e3o, que tem obtido grandes avan\u00e7os na preserva\u00e7\u00e3o dos empregos, sal\u00e1rios e da sa\u00fade dos funcion\u00e1rios\u201d, concluiu a Caref.<\/p>\n<h3><strong>CA est\u00e1 consciente de sugest\u00f5es da Caref<\/strong><\/h3>\n<p>Na nota de rep\u00fadio e pedido de esclarecimentos ao Conselho de Administra\u00e7\u00e3o, D\u00e9bora Fonseca tamb\u00e9m prop\u00f4s uma s\u00e9rie de medidas para mitigar os impactos econ\u00f4micos e sociais da pandemia. As propostas incluem a discuss\u00e3o no \u00e2mbito do conselho de recursos para financiamento, refinanciamento e suspens\u00e3o da cobran\u00e7a de empr\u00e9stimos por seis meses de bancos p\u00fablicos.<\/p>\n<p>Para D\u00e9bora, o papel do CA \u00e9 discutir propostas, a partir das quais, \u201c\u00e9 poss\u00edvel resguardar as Micro e Pequenas Empresas, Microempreendedores individuais e milh\u00f5es de empregos, com a finalidade de protegermos a economia e prepar\u00e1-la para sua recupera\u00e7\u00e3o, e n\u00e3o colocando em risco a vida das pessoas\u201d, disse. \u201cPensar nesse papel \u00e9 pensar no Banco P\u00fablico atuante para o pa\u00eds e, principalmente, a servi\u00e7o da sociedade brasileira. Somos fundamentais para recupera\u00e7\u00e3o econ\u00f4mica, e, diferente dos bancos privados, que somente olham para os lucros imediatos, n\u00f3s podemos e devemos olhar para o pa\u00eds\u201d, completou.<\/p>\n<p><strong>Fonte: Contraf-CUT<\/strong><\/p>\n<\/div>\n<\/div>\n","protected":false},"excerpt":{"rendered":"<p>O presidente do Banco do Brasil, Rubem Novaes, respondeu \u00e0 nota de rep\u00fadio da Conselheira de Administra\u00e7\u00e3o Representante dos Funcion\u00e1rios (Caref) do banco, D\u00e9bora Fonseca, sobre declara\u00e7\u00f5es desastrosas de Novaes. Na reposta \u00e0 Caref, o presidente do BB disse apenas que a frase citada na reportagem publicada pela Folha de S. Paulo, \u201cproferida em um [&hellip;]<\/p>\n","protected":false},"author":2,"featured_media":8620,"comment_status":"","ping_status":"","sticky":false,"template":"","format":"standard","meta":{"footnotes":""},"categories":[3],"tags":[],"class_list":["post-8621","post","type-post","status-publish","format-standard","has-post-thumbnail","hentry","category-noticias"],"_links":{"self":[{"href":"https:\/\/hostnetart.com.br\/baixada\/wp-json\/wp\/v2\/posts\/8621","targetHints":{"allow":["GET"]}}],"collection":[{"href":"https:\/\/hostnetart.com.br\/baixada\/wp-json\/wp\/v2\/posts"}],"about":[{"href":"https:\/\/hostnetart.com.br\/baixada\/wp-json\/wp\/v2\/types\/post"}],"author":[{"embeddable":true,"href":"https:\/\/hostnetart.com.br\/baixada\/wp-json\/wp\/v2\/users\/2"}],"replies":[{"embeddable":true,"href":"https:\/\/hostnetart.com.br\/baixada\/wp-json\/wp\/v2\/comments?post=8621"}],"version-history":[{"count":0,"href":"https:\/\/hostnetart.com.br\/baixada\/wp-json\/wp\/v2\/posts\/8621\/revisions"}],"wp:featuredmedia":[{"embeddable":true,"href":"https:\/\/hostnetart.com.br\/baixada\/wp-json\/wp\/v2\/media\/8620"}],"wp:attachment":[{"href":"https:\/\/hostnetart.com.br\/baixada\/wp-json\/wp\/v2\/media?parent=8621"}],"wp:term":[{"taxonomy":"category","embeddable":true,"href":"https:\/\/hostnetart.com.br\/baixada\/wp-json\/wp\/v2\/categories?post=8621"},{"taxonomy":"post_tag","embeddable":true,"href":"https:\/\/hostnetart.com.br\/baixada\/wp-json\/wp\/v2\/tags?post=8621"}],"curies":[{"name":"wp","href":"https:\/\/api.w.org\/{rel}","templated":true}]}}